{"id":4289,"date":"2020-04-21T19:28:16","date_gmt":"2020-04-21T22:28:16","guid":{"rendered":"http:\/\/oasisfm935.com\/site\/?p=4289"},"modified":"2020-04-21T19:44:33","modified_gmt":"2020-04-21T22:44:33","slug":"ziliotto-anuncia-creditos-a-6300-trabajadores-y-profesionales-independientes-con-garantia-del-estado","status":"publish","type":"post","link":"https:\/\/oasisfm935.com.ar\/site\/ziliotto-anuncia-creditos-a-6300-trabajadores-y-profesionales-independientes-con-garantia-del-estado\/","title":{"rendered":"Ziliotto anuncia cr\u00e9ditos a 6300 trabajadores y profesionales independientes con garant\u00eda del Estado"},"content":{"rendered":"<p>El gobernador\u00a0<strong>Sergio Ziliotto<\/strong>\u00a0anunci\u00f3 este martes que el Banco de La Pampa\u00a0<strong>dar\u00e1 cr\u00e9ditos a tasa cero<\/strong>\u00a0a trabajadores y profesionales independientes, que han sido afectados por la cuarentena obligatoria. U<strong>na de las particularidades es que el Estado provincial saldr\u00e1 de garant\u00eda.<\/strong><\/p>\n<p><strong>\u00abSer\u00e1n cr\u00e9ditos a tasa cero, a 12 meses de devoluci\u00f3n y tres meses de gracia, para trabajadores o profesionales independiente y peque\u00f1os comerciantes\u00bb<\/strong>, dijo el mandatario, en conferencia de prensa, desde el Sal\u00f3n de Acuerdos de Casa de Gobierno.<\/p>\n<p>\u201cHace unos d\u00edas, anunciamos cr\u00e9ditos a tasa cero a empresas peque\u00f1as y medianas. Ahora nos estamos ocupando del sector de las personas f\u00edsicas, que est\u00e1n al frente de una empresa y sin empleados registrados\u00bb, manifest\u00f3.<\/p>\n<p>Dijo que intentar\u00e1n llegar a 6323 personas. Se trata de independientes que brindan servicios por facturaciones menores a 50 mil pesos por mes y de comerciantes que facturan hasta 120 mil pesos mensuales. Para los servicios, los pr\u00e9stamos ser\u00e1n de 50 mil pesos y para la venta de bienes por 70 mil pesos. \u00abSaldr\u00e1 de garant\u00eda el Estado provincial\u00bb, dijo.<\/p>\n<p>Tambi\u00e9n<strong>\u00a0Ziliotto anunci\u00f3 que implementar\u00e1 un impuesto de emergencia a los bancos privados<\/strong>.\u00a0<strong>\u201cDurante este tiempo, la tasa que tributan por Ingresos Brutos pasar\u00e1 de 9 a 14 por ciento\u201d<\/strong>, dijo.<\/p>\n<p>\u00abApelamos a la solidaridad y no la tuvimos de los bancos privados\u00bb, lanz\u00f3.<strong>\u00a0\u00abEsperamos que quienes m\u00e1s tienen, son los que m\u00e1s pongan\u00bb<\/strong>, sostuvo.<\/p>\n<p>Este martes se reuni\u00f3 con el vicegobernador Mariano Fern\u00e1ndez y los jefes de bloques de los diputados provinciales. All\u00ed les explic\u00f3 de qu\u00e9 se trata.<\/p>\n<div class=\"oasis-despues-del-contenido\" id=\"oasis-1155719598\"><img loading=\"lazy\" decoding=\"async\" src=\"https:\/\/oasisfm935.com.ar\/site\/wp-content\/uploads\/2020\/08\/47806202-8741-49f2-a5c9-d2f930e5baa1.jpg\" alt=\"\"  srcset=\"https:\/\/oasisfm935.com.ar\/site\/wp-content\/uploads\/2020\/08\/47806202-8741-49f2-a5c9-d2f930e5baa1.jpg 1080w, https:\/\/oasisfm935.com.ar\/site\/wp-content\/uploads\/2020\/08\/47806202-8741-49f2-a5c9-d2f930e5baa1-300x300.jpg 300w, https:\/\/oasisfm935.com.ar\/site\/wp-content\/uploads\/2020\/08\/47806202-8741-49f2-a5c9-d2f930e5baa1-1024x1024.jpg 1024w, https:\/\/oasisfm935.com.ar\/site\/wp-content\/uploads\/2020\/08\/47806202-8741-49f2-a5c9-d2f930e5baa1-150x150.jpg 150w, https:\/\/oasisfm935.com.ar\/site\/wp-content\/uploads\/2020\/08\/47806202-8741-49f2-a5c9-d2f930e5baa1-768x768.jpg 768w\" sizes=\"(max-width: 1080px) 100vw, 1080px\" class=\"no-lazyload\" width=\"1080\" height=\"1080\"  style=\"display: inline-block;\" \/><\/div>","protected":false},"excerpt":{"rendered":"<p>El gobernador\u00a0Sergio Ziliotto\u00a0anunci\u00f3 este martes que el Banco de La Pampa\u00a0dar\u00e1 cr\u00e9ditos a tasa cero\u00a0a trabajadores y profesionales independientes, que han sido<\/p>\n","protected":false},"author":4,"featured_media":4294,"comment_status":"closed","ping_status":"open","sticky":false,"template":"","format":"standard","meta":{"colormag_page_layout":"default_layout","footnotes":""},"categories":[2],"tags":[],"class_list":["post-4289","post","type-post","status-publish","format-standard","has-post-thumbnail","hentry","category-noticias"],"_links":{"self":[{"href":"https:\/\/oasisfm935.com.ar\/site\/wp-json\/wp\/v2\/posts\/4289","targetHints":{"allow":["GET"]}}],"collection":[{"href":"https:\/\/oasisfm935.com.ar\/site\/wp-json\/wp\/v2\/posts"}],"about":[{"href":"https:\/\/oasisfm935.com.ar\/site\/wp-json\/wp\/v2\/types\/post"}],"author":[{"embeddable":true,"href":"https:\/\/oasisfm935.com.ar\/site\/wp-json\/wp\/v2\/users\/4"}],"replies":[{"embeddable":true,"href":"https:\/\/oasisfm935.com.ar\/site\/wp-json\/wp\/v2\/comments?post=4289"}],"version-history":[{"count":4,"href":"https:\/\/oasisfm935.com.ar\/site\/wp-json\/wp\/v2\/posts\/4289\/revisions"}],"predecessor-version":[{"id":4295,"href":"https:\/\/oasisfm935.com.ar\/site\/wp-json\/wp\/v2\/posts\/4289\/revisions\/4295"}],"wp:featuredmedia":[{"embeddable":true,"href":"https:\/\/oasisfm935.com.ar\/site\/wp-json\/wp\/v2\/media\/4294"}],"wp:attachment":[{"href":"https:\/\/oasisfm935.com.ar\/site\/wp-json\/wp\/v2\/media?parent=4289"}],"wp:term":[{"taxonomy":"category","embeddable":true,"href":"https:\/\/oasisfm935.com.ar\/site\/wp-json\/wp\/v2\/categories?post=4289"},{"taxonomy":"post_tag","embeddable":true,"href":"https:\/\/oasisfm935.com.ar\/site\/wp-json\/wp\/v2\/tags?post=4289"}],"curies":[{"name":"wp","href":"https:\/\/api.w.org\/{rel}","templated":true}]}}