{"id":4297,"date":"2020-04-22T08:43:07","date_gmt":"2020-04-22T11:43:07","guid":{"rendered":"http:\/\/oasisfm935.com\/site\/?p=4297"},"modified":"2020-04-22T08:43:07","modified_gmt":"2020-04-22T11:43:07","slug":"realizan-una-colecta-a-beneficio-del-comedor-de-la-escuela-250-de-ingeniero-luiggi","status":"publish","type":"post","link":"https:\/\/oasisfm935.com.ar\/site\/realizan-una-colecta-a-beneficio-del-comedor-de-la-escuela-250-de-ingeniero-luiggi\/","title":{"rendered":"Realizan una colecta a beneficio del comedor de la Escuela 250 de Ingeniero Luiggi"},"content":{"rendered":"<p>Integrantes de la cooperadora en conjunto con el experimentado periodista Carlos Alberto Legnani, fueron los impulsores de esta iniciativa solidaria. Desde la Coperadora de la Escuela 250 \u00abAsociaci\u00f3n Celia Pancracio de Pastorino\u00bb, agradecieron a todas las personas que est\u00e1n colaborando con el comedor, que sigue funcionando a trav\u00e9s de la entrega de viandas a las familias.<\/p>\n<p>Mateo \u00c1lvarez cont\u00f3 a\u00a0<strong>Zonal Noticias<\/strong>\u00a0que \u201cen el\u00a0<strong>programa radial Campeones por Radio Continental,\u00a0<\/strong>\u00a0\u201cCaito\u201d Legnani, (que es padrino del comedor de la Escuela 250 junto con su esposa), organiz\u00f3 una movida el domingo, para\u00a0 juntar fondos en medio de la pandemia\u201d.<\/p>\n<p>\u201cAnte la propuesta de la cooperadora escolar,\u00a0 vio con muy buenos ojos hacerlo y crey\u00f3 que \u00e9ste era el momento ideal para hacer un aporte, aunque sea peque\u00f1o para el comedor. Nos pusimos en contacto con alguien que tiene mucha llegada como Lidio Amaya de C\u00f3rdoba y\u00a0 a trav\u00e9s de \u00e9l se hizo un reportaje en Campeones para comenzar esta colecta solidaria,\u201d explic\u00f3 \u00c1lvarez.<\/p>\n<p>\u201c<strong>Estos son aportes \u00fanicamente para el comedor de la cooperadora<\/strong>. En en esta movida estuvimos con Hugo Mart\u00edn por tener todav\u00eda mucha confianza y mucho contacto con Caito Legnani en Buenos Aires a trav\u00e9s de las cinco carreras que hemos hecho del \u201cTurismo Carretera del Ayer\u201d hace algunos a\u00f1os en Ingeniero Luiggi\u00bb, cont\u00f3 Mateo a Zonal Noticias.<\/p>\n<p><img decoding=\"async\" src=\"https:\/\/scontent.frsa4-1.fna.fbcdn.net\/v\/t1.15752-9\/94278547_928004557622434_4807064024887853056_n.jpg?_nc_cat=107&amp;_nc_sid=b96e70&amp;_nc_eui2=AeE94HxlqbDNLcf4Agvmt6J7PkyaGzxbFOc-TJobPFsU51OyQYcjr8JQmg-5nkM_hE4&amp;_nc_ohc=JsgUyMTSfKQAX9p3yME&amp;_nc_ht=scontent.frsa4-1.fna&amp;oh=3609090d3f6ad1eb3bd620d31816c334&amp;oe=5EC6CFE7\" \/><\/p>\n<p>Por su parte,<strong>\u00a0la Cooperadora de la Escuela N\u00b0 250 \u00abAsociaci\u00f3n Celia Pancracio de Pastorino\u00bb de Ingeniero Luiggi agradeci\u00f3 a todas las personas, empresas y entidades que se est\u00e1n movilizando para colaborar con el comedor de\u00a0la escuela, mediante un comunicado,<\/strong>\u00a0que hicieron\u00a0 llegar a la redacci\u00f3n de Zonal Noticias.<\/p>\n<p>\u201cEn este momento tan particular que estamos atravesando, la solidaridad se pone de manifiesto en acciones concretas ya que vecinos de nuestra localidad se han ido acercando al comedor, colaborando de distintas formas e incluso una importante empresa de nuestro medio ha realizado una donaci\u00f3n muy importante que permitir\u00e1 reforzar las viandas que se est\u00e1n entregando.<\/p>\n<p>Desde el comienzo del aislamiento social que se inici\u00f3 con el cese de las actividades escolares, el comedor de nuestra escuela sigui\u00f3 funcionando, siendo el municipio local el que se puso a disposici\u00f3n para hacer llegar las viandas a los alumnos y en algunos casos a sus hermanos, aportando tambi\u00e9n todo el material descartable necesario, por lo que tambi\u00e9n queremos hacer llegar nuestro agradecimiento a los funcionarios y el personal municipal que participa de estas tareas, como as\u00ed tambi\u00e9n a nuestras cocineras que se han puesto a la altura de las circunstancias.<\/p>\n<p>En condiciones normales el comedor prepara 160 viandas para los alumnos y profesores que comen en la escuela.\u00a0<strong>Actualmente se est\u00e1n entregando 120 viandas que son repartidas<\/strong>\u00a0como se dijo, por el personal municipal. Si bien las partidas para compra de los alimentos por parte del Ministerio se reciben en tiempo y forma y son suficientes para la preparaci\u00f3n de los men\u00fas programados, todas las colaboraciones que se reciben sirven para reforzar esas viandas considerando la situaci\u00f3n que estamos atravesando.<\/p>\n<p>Por otro lado, como es sabido, nuestro comedor lleva el nombre del conductor y periodista deportivo Carlos Albero Legnani y de su esposa en honor a las colaboraciones que han realizado a nuestra escuela en otras oportunidades. Carlos Legnani es fundador del programa de automovilismo Campeones, que se emite actualmente por Radio Continental.<\/p>\n<p>En esta oportunidad, la producci\u00f3n de ese programa se puso en contacto con los vecinos Hugo Martin y Mateo \u00c1lvarez, para realizar una campa\u00f1a de donaciones a nivel nacional en beneficio de nuestro comedor, para lo cual la Asociaci\u00f3n Cooperadora activ\u00f3 una Cuenta Corriente en el Banco de La Pampa. Esta campa\u00f1a comenz\u00f3 el d\u00eda s\u00e1bado 18 de abril y seg\u00fan nos han informado, ya ha tenido amplia repercusi\u00f3n entre los seguidores de Campeones, que han manifestado sus intenciones de realizar donaciones.<\/p>\n<p>Queremos agradecer por este medio a Hugo, Mateo, a toda la familia Legnani y del programa Campeones y de antemano, a todas las personas que colaboren realizando donaciones a nuestra querida instituci\u00f3n.<\/p>\n<p>Finalmente, dejamos a continuaci\u00f3n los datos de la cuenta bancaria para todos aquellos que quieran acercar su donaci\u00f3n.<\/p>\n<p><strong>Cuenta Corriente del Banco de la Pampa:<\/strong>\u00a0265903\/03<\/p>\n<p><strong>CBU:<\/strong>\u00a00930320910100026590332<\/p>\n<p><strong>Titular:<\/strong>\u00a0Asociaci\u00f3n Celia Pancracio de Pastorino &#8211; Coop Escuela N\u00b0250 de Ing. Luiggi<\/p>\n<p><strong>CUIT:<\/strong>\u00a030-71410067-6<\/p>\n<p>\u00abDesde ya muchas gracias\u201d, reza el comunicado de la Comisi\u00f3n Cooperadora Escuela N\u00b0 250 de Ing. Luiggi, Asociaci\u00f3n Celia Pancracio de Pastorino<\/p>\n<div class=\"oasis-despues-del-contenido\" id=\"oasis-3088578027\"><img loading=\"lazy\" decoding=\"async\" src=\"https:\/\/oasisfm935.com.ar\/site\/wp-content\/uploads\/2020\/08\/47806202-8741-49f2-a5c9-d2f930e5baa1.jpg\" alt=\"\"  srcset=\"https:\/\/oasisfm935.com.ar\/site\/wp-content\/uploads\/2020\/08\/47806202-8741-49f2-a5c9-d2f930e5baa1.jpg 1080w, https:\/\/oasisfm935.com.ar\/site\/wp-content\/uploads\/2020\/08\/47806202-8741-49f2-a5c9-d2f930e5baa1-300x300.jpg 300w, https:\/\/oasisfm935.com.ar\/site\/wp-content\/uploads\/2020\/08\/47806202-8741-49f2-a5c9-d2f930e5baa1-1024x1024.jpg 1024w, https:\/\/oasisfm935.com.ar\/site\/wp-content\/uploads\/2020\/08\/47806202-8741-49f2-a5c9-d2f930e5baa1-150x150.jpg 150w, https:\/\/oasisfm935.com.ar\/site\/wp-content\/uploads\/2020\/08\/47806202-8741-49f2-a5c9-d2f930e5baa1-768x768.jpg 768w\" sizes=\"(max-width: 1080px) 100vw, 1080px\" class=\"no-lazyload\" width=\"1080\" height=\"1080\"  style=\"display: inline-block;\" \/><\/div>","protected":false},"excerpt":{"rendered":"<p>Integrantes de la cooperadora en conjunto con el experimentado periodista Carlos Alberto Legnani, fueron los impulsores de esta iniciativa solidaria. Desde la<\/p>\n","protected":false},"author":4,"featured_media":4298,"comment_status":"closed","ping_status":"open","sticky":false,"template":"","format":"standard","meta":{"colormag_page_layout":"default_layout","footnotes":""},"categories":[2],"tags":[],"class_list":["post-4297","post","type-post","status-publish","format-standard","has-post-thumbnail","hentry","category-noticias"],"_links":{"self":[{"href":"https:\/\/oasisfm935.com.ar\/site\/wp-json\/wp\/v2\/posts\/4297","targetHints":{"allow":["GET"]}}],"collection":[{"href":"https:\/\/oasisfm935.com.ar\/site\/wp-json\/wp\/v2\/posts"}],"about":[{"href":"https:\/\/oasisfm935.com.ar\/site\/wp-json\/wp\/v2\/types\/post"}],"author":[{"embeddable":true,"href":"https:\/\/oasisfm935.com.ar\/site\/wp-json\/wp\/v2\/users\/4"}],"replies":[{"embeddable":true,"href":"https:\/\/oasisfm935.com.ar\/site\/wp-json\/wp\/v2\/comments?post=4297"}],"version-history":[{"count":1,"href":"https:\/\/oasisfm935.com.ar\/site\/wp-json\/wp\/v2\/posts\/4297\/revisions"}],"predecessor-version":[{"id":4299,"href":"https:\/\/oasisfm935.com.ar\/site\/wp-json\/wp\/v2\/posts\/4297\/revisions\/4299"}],"wp:featuredmedia":[{"embeddable":true,"href":"https:\/\/oasisfm935.com.ar\/site\/wp-json\/wp\/v2\/media\/4298"}],"wp:attachment":[{"href":"https:\/\/oasisfm935.com.ar\/site\/wp-json\/wp\/v2\/media?parent=4297"}],"wp:term":[{"taxonomy":"category","embeddable":true,"href":"https:\/\/oasisfm935.com.ar\/site\/wp-json\/wp\/v2\/categories?post=4297"},{"taxonomy":"post_tag","embeddable":true,"href":"https:\/\/oasisfm935.com.ar\/site\/wp-json\/wp\/v2\/tags?post=4297"}],"curies":[{"name":"wp","href":"https:\/\/api.w.org\/{rel}","templated":true}]}}