{"id":4301,"date":"2020-04-22T16:51:49","date_gmt":"2020-04-22T19:51:49","guid":{"rendered":"http:\/\/oasisfm935.com\/site\/?p=4301"},"modified":"2020-04-22T17:42:44","modified_gmt":"2020-04-22T20:42:44","slug":"ingeniero-luiggi-el-diputado-zanoli-ojala-tengamos-el-acompanamiento-de-la-oposicion","status":"publish","type":"post","link":"https:\/\/oasisfm935.com.ar\/site\/ingeniero-luiggi-el-diputado-zanoli-ojala-tengamos-el-acompanamiento-de-la-oposicion\/","title":{"rendered":"Ingeniero Luiggi : El Diputado Zanoli \u00bb Ojala tengamos el acompa\u00f1amiento de la  oposici\u00f3n \u00ab."},"content":{"rendered":"<p>El Lunes a la tarde estuvimos reunidos varios Diputados del Frejupa con el Gobernador, hablando de estas tres leyes que el jueves\u00a0tenemos que tratar en la c\u00e1mara, m\u00e1s dos rectificaciones que tenemos que hacer de convenio, que uno es lo que firmo el\u00a0 Anses y Naci\u00f3n con el Gobernador que ya ingresaron esos fondos a la Provincia y otro es la ratificaci\u00f3n de la cuarentena .<\/p>\n<p>Tambi\u00e9n el Diputado se mostr\u00f3 preocupado por la situaci\u00f3n que est\u00e1n atravesando todos los Pampeanos,\u00a0ayer el Gobernador hizo una reuni\u00f3n con los Presidente de los bloques confirmando el tratamiento de estas leyes y pidiendo para ver si el jueves la podemos llegar a sacar.<\/p>\n<blockquote><p>Una tiene que ver con el anticipo de fondo coparticipables\u00a0a los Municipios, que sabemos\u00a0que su recaudaci\u00f3n se ha ca\u00eddo mucho y que tambi\u00e9n han tenido que incrementar las ayudas sobre todo del punto de vista social, hay que cambiar unos art\u00edculos de la ley 1065 que es del sistema de coparticipaci\u00f3n.\u00a0\u00a0Para autorizar a la provincia a realizar el anticipo financiero, donde la devoluci\u00f3n se pueda hacer m\u00e1s all\u00e1 de lo que tiene que ver este ejercicio; cuando la Provincia otorga estos anticipos\u00a0coparticipables\u00a0una vez que pasan estos 3 meses, la provincia cobra un inter\u00e9s al municipio y en este caso entendiendo y en marco de esta pandemia mientras dure esta m\u00e1xima alerta sanitaria, la idea\u00a0del gobierno es que no se le cobre inter\u00e9s\u00a0y que se le puede facilitar anticipos\u00a0coparticipables a los\u00a0municipios .<\/p><\/blockquote>\n<p><em>Zanoli dijo : Esto se le va aplicar a los bancos que no han tenido gestos de prestar dinero o realizar pr\u00e9stamos a tasa subsidiada en el marco de esta m\u00e1xima alerta sanitaria. Los Bancos vienen ganando y desde mucho tiempo mucha plata y el \u00fanico que sali\u00f3 con una l\u00ednea de cr\u00e9dito a tasa 0 es el Banco de la Pampa. Esto significa una suba del %9 al %14 de la al\u00edcuota de Ingreso Brutos. Esto le da la posibilidad al estado percibir 67 millones de pesos la cuales tambi\u00e9n son cooparticipables va para los municipio y el resto se va a transformar peque\u00f1os y medianos cr\u00e9ditos para empresas. La idea es buscar herramientas que ayuden a paliar esta situaci\u00f3n.<\/em><\/p>\n<p><strong>En cuanto a la l\u00ednea de cr\u00e9dito a tasa cero, a 12 meses de devoluci\u00f3n y tres mes de gracia, para trabajadores y profesionales y peque\u00f1os comerciantes<b>.<\/b><\/strong><\/p>\n<p><b>Los pr\u00e9stamos ser\u00e1n de hasta 50 mil pesos para los que prestan alg\u00fan servicio y de 70 mil pesos para los que venden alg\u00fan bien.\u00a0 Esto es para ayudar a paliar la crisis, no es para agrandar el negocio, no es para comprar mas bienes de capital, simplemente es una l\u00ednea peque\u00f1a para un sector que no estaba comprendido en el decreto 332\/20 de Gobierno Nacional , ni la l\u00ednea de cr\u00e9ditos que anuncio para las peque\u00f1as y medianas empresas\u00a0 el Gobernador d\u00edas atr\u00e1s a trav\u00e9s del Banco Pampa .\u00a0 Se va a destinar 250 millones de pesos que intentar\u00e1n llegar a 6323 pampeanos. Dijo el Diputado<\/b><b>\u00a0<\/b><\/p>\n<blockquote><p>Una particularidad\u00a0que tienen estos cr\u00e9ditos\u00a0es que la garant\u00eda,\u00a0para que la gente lo pueda hacer mucho m\u00e1s \u00e1gil es el Gobierno de la Provincia de la Pampa ante el Banco. Ojala que tengamos el acompa\u00f1amiento de la oposici\u00f3n que hasta ahora estamos trabajando en forma mancomunada, todos entendiendo\u00a0que hay que aportar a esta situaci\u00f3n\u00a0que est\u00e1 viviendo el Pa\u00eds\u00a0y el mundo, y ojala que en futuro logremos seguir de esta manera pensando en la provincia, en los pampeanos y en los pueblos y no mirando nada m\u00e1s que la cuesti\u00f3n\u00a0pol\u00edtica. Esta situaci\u00f3n\u00a0de Emergencia Sanitaria nos tiene que ense\u00f1ar y dejar algo a todos los seres humanos. Expreso Zanoli<\/p><\/blockquote>\n<div class=\"oasis-despues-del-contenido\" id=\"oasis-2588626306\"><img loading=\"lazy\" decoding=\"async\" src=\"https:\/\/oasisfm935.com.ar\/site\/wp-content\/uploads\/2020\/08\/47806202-8741-49f2-a5c9-d2f930e5baa1.jpg\" alt=\"\"  srcset=\"https:\/\/oasisfm935.com.ar\/site\/wp-content\/uploads\/2020\/08\/47806202-8741-49f2-a5c9-d2f930e5baa1.jpg 1080w, https:\/\/oasisfm935.com.ar\/site\/wp-content\/uploads\/2020\/08\/47806202-8741-49f2-a5c9-d2f930e5baa1-300x300.jpg 300w, https:\/\/oasisfm935.com.ar\/site\/wp-content\/uploads\/2020\/08\/47806202-8741-49f2-a5c9-d2f930e5baa1-1024x1024.jpg 1024w, https:\/\/oasisfm935.com.ar\/site\/wp-content\/uploads\/2020\/08\/47806202-8741-49f2-a5c9-d2f930e5baa1-150x150.jpg 150w, https:\/\/oasisfm935.com.ar\/site\/wp-content\/uploads\/2020\/08\/47806202-8741-49f2-a5c9-d2f930e5baa1-768x768.jpg 768w\" sizes=\"(max-width: 1080px) 100vw, 1080px\" class=\"no-lazyload\" width=\"1080\" height=\"1080\"  style=\"display: inline-block;\" \/><\/div>","protected":false},"excerpt":{"rendered":"<p>El Lunes a la tarde estuvimos reunidos varios Diputados del Frejupa con el Gobernador, hablando de estas tres leyes que el jueves\u00a0tenemos<\/p>\n","protected":false},"author":4,"featured_media":4306,"comment_status":"closed","ping_status":"open","sticky":false,"template":"","format":"standard","meta":{"colormag_page_layout":"default_layout","footnotes":""},"categories":[1],"tags":[],"class_list":["post-4301","post","type-post","status-publish","format-standard","has-post-thumbnail","hentry","category-sin-categoria"],"_links":{"self":[{"href":"https:\/\/oasisfm935.com.ar\/site\/wp-json\/wp\/v2\/posts\/4301","targetHints":{"allow":["GET"]}}],"collection":[{"href":"https:\/\/oasisfm935.com.ar\/site\/wp-json\/wp\/v2\/posts"}],"about":[{"href":"https:\/\/oasisfm935.com.ar\/site\/wp-json\/wp\/v2\/types\/post"}],"author":[{"embeddable":true,"href":"https:\/\/oasisfm935.com.ar\/site\/wp-json\/wp\/v2\/users\/4"}],"replies":[{"embeddable":true,"href":"https:\/\/oasisfm935.com.ar\/site\/wp-json\/wp\/v2\/comments?post=4301"}],"version-history":[{"count":4,"href":"https:\/\/oasisfm935.com.ar\/site\/wp-json\/wp\/v2\/posts\/4301\/revisions"}],"predecessor-version":[{"id":4307,"href":"https:\/\/oasisfm935.com.ar\/site\/wp-json\/wp\/v2\/posts\/4301\/revisions\/4307"}],"wp:featuredmedia":[{"embeddable":true,"href":"https:\/\/oasisfm935.com.ar\/site\/wp-json\/wp\/v2\/media\/4306"}],"wp:attachment":[{"href":"https:\/\/oasisfm935.com.ar\/site\/wp-json\/wp\/v2\/media?parent=4301"}],"wp:term":[{"taxonomy":"category","embeddable":true,"href":"https:\/\/oasisfm935.com.ar\/site\/wp-json\/wp\/v2\/categories?post=4301"},{"taxonomy":"post_tag","embeddable":true,"href":"https:\/\/oasisfm935.com.ar\/site\/wp-json\/wp\/v2\/tags?post=4301"}],"curies":[{"name":"wp","href":"https:\/\/api.w.org\/{rel}","templated":true}]}}