{"id":4316,"date":"2020-04-23T08:40:04","date_gmt":"2020-04-23T11:40:04","guid":{"rendered":"http:\/\/oasisfm935.com\/site\/?p=4316"},"modified":"2020-04-23T08:40:36","modified_gmt":"2020-04-23T11:40:36","slug":"matienzo-de-luiggi-celebra-su-centenario","status":"publish","type":"post","link":"https:\/\/oasisfm935.com.ar\/site\/matienzo-de-luiggi-celebra-su-centenario\/","title":{"rendered":"Matienzo de Luiggi celebra su centenario"},"content":{"rendered":"<p>El Tripero arrib\u00f3 a los 100 a\u00f1os en una fecha particular en medio de la pandemia del Coronavirus.<\/p>\n<p>Cien a\u00f1os atr\u00e1s, una comisi\u00f3n organizadora encabezada por Juan G. Etcheverr\u00eda dio vida a un nuevo club en el Territorio Central de La Pampa. Nac\u00eda Teniente Benjam\u00edn Matienzo Foot-Ball Club, de Ingeniero Luiggi, otro de los clubes de la regi\u00f3n que llega a su centenario en medio de la pandemia del coronavirus que frustr\u00f3 la celebraci\u00f3n que hab\u00eda preparado la actual Comisi\u00f3n Directiva.<\/p>\n<p>El nacimiento tuvo lugar en el domicilio de Antonio Gonz\u00e1lez, con el objetivo de fomentar la pr\u00e1ctica del f\u00fatbol y otros deportes. El nombre se eligi\u00f3 en memoria del intr\u00e9pido aviador argentino.<\/p>\n<p><img decoding=\"async\" src=\"https:\/\/www.eldiariodelapampa.com.ar\/images\/2020\/Abril_2020\/23-04-2020\/Matienzo2web.jpg\" alt=\"Matienzo2web\" \/><\/p>\n<p>Bajo la gesti\u00f3n de Etcheverr\u00eda se organiz\u00f3 definitivamente la instituci\u00f3n aunque el 8 de octubre de 1920, unos meses despu\u00e9s del nacimiento, se form\u00f3 una nueva Comisi\u00f3n, esta vez bajo la presidencia de don Pedro Soraire, quien era en ese momento el Director de la Escuela N\u00ba 76.<\/p>\n<p>En 1945, luego de la finalizaci\u00f3n de la segunda guerra mundial, el club cambi\u00f3 su nombre: pas\u00f3 a llamarse Club Teniente Benjam\u00edn Matienzo, luego de obtener la Personer\u00eda Jur\u00eddica. Con nuevo nombre, nac\u00eda una nueva ilusi\u00f3n.<\/p>\n<p>Jug\u00f3 en la antigua Liga Independiente del Norte, que depend\u00eda de la Liga Pampeana.<\/p>\n<p>Fueron varias figuras las que vistieron la camiseta del Tripero a lo largo de su rica historia. Los m\u00e1s memoriosos recordar\u00e1n el equipo de 1980 con la presencia de\u00a0<strong>Jos\u00e9 N\u00e9stor Pekerman<\/strong>, ex entrenador de las Selecciones de Argentina y de Colombia.<\/p>\n<p>A\u00f1os despu\u00e9s, ya entrada la d\u00e9cada del ochenta jug\u00f3 en el club Guillermo Rivarola, que luego llegar\u00eda a la Primera Divisi\u00f3n de River Plate. Por esos tiempos, a Matienzo lo dirigi\u00f3 Rodolfo Talamonti, hist\u00f3rico ayudante de campo de \u00c1ngel Labruna en el Millonario<\/p>\n<p><strong>D\u00eda de gloria<\/strong><\/p>\n<p><img decoding=\"async\" src=\"https:\/\/www.eldiariodelapampa.com.ar\/images\/2020\/Abril_2020\/23-04-2020\/matienzo3web.jpg\" alt=\"matienzo3web\" \/><\/p>\n<p>&nbsp;<\/p>\n<p>El a\u00f1o 1987 marcar\u00eda uno de los momentos m\u00e1s importantes de la historia del Tripero. Un 27 de septiembre, luego de la victoria 2 a 0 sobre Ferro de Realic\u00f3 que lleg\u00f3 acompa\u00f1ada por la derrota de su inmediato perseguidor, Cultural Argentino 3 a 1 ante Ferro de Pico, Matienzo de Luiggi celebr\u00f3 su \u00fanico t\u00edtulo en la Liga Pampeana.<\/p>\n<p>Juan Carlos Almada a los 25 minutos de la primera etapa y Jos\u00e9 Walter Chiaraluce a los 5 del complemento marcaron los goles que le valieron el campeonato.<\/p>\n<p>Matienzo finaliz\u00f3 primero con 24 puntos, dos unidades por delante de Cultural Argentino. En total jug\u00f3 16 encuentros con diez victorias, cuatro empates y dos derrotas.<\/p>\n<p>El equipo conducido por Felipe Horacio Rinaldi tuvo al goleador del campeonato, Juan Carlos Almada, con 13 tantos. Fue el mayor \u00e9xito deportivo de la instituci\u00f3n.<\/p>\n<p>En la actualidad el club participaba en la Primera \u201cA\u201d de la suspendida Liga Pampeana luego de quedarse con el t\u00edtulo del torneo de ascenso en 2019 tras vencer en las finales a Cultural Argentino de General Pico.<\/p>\n<p>&nbsp;<\/p>\n<p><strong>Homenaje a Garay<\/strong><\/p>\n<p><img decoding=\"async\" src=\"https:\/\/www.eldiariodelapampa.com.ar\/images\/2020\/Abril_2020\/23-04-2020\/matienzo4web.jpg\" alt=\"matienzo4web\" \/><\/p>\n<p>En el marco de las actividades que la Comisi\u00f3n ten\u00eda previstas para este 2020, en el mes de febrero el Club Matienzo de Ingeniero Luiggi bautiz\u00f3 con el nombre de Jos\u00e9 Manuel Garay al predio deportivo del Tripero.<\/p>\n<p>Socios y simpatizantes se reunieron para darle nombre a la cancha y homenajear a una de las personas que colabor\u00f3 m\u00e1s intensamente con el club. Garay fue un farmac\u00e9utico de Ingeniero Luiggi que presidi\u00f3 la instituci\u00f3n entre los a\u00f1os 1945 a 1952.<\/p>\n<p><strong>Actividades postergadas<\/strong><\/p>\n<p>En di\u00e1logo con El Diario, la presidenta del club Ver\u00f3nica Rattalino cont\u00f3: \u00abTen\u00edamos todos los festejos organizados para hoy, 23, \u00edbamos a hacer la presentaci\u00f3n del libro y una apertura del SUM del club que tuvo reformas edilicias durante los \u00faltimos dos a\u00f1os. \u00cdbamos a hacer la reapertura del lugar con una muestra fotogr\u00e1fica\u00bb.<\/p>\n<p>La muestra se iba a realizar a trav\u00e9s de videos digitales que iban a estar acompa\u00f1ados de muestras de trofeos y fotograf\u00edas de otras disciplinas. A ello se le iba a sumar la presentaci\u00f3n de un mural que no pudo finalizarse. \u201cNo se pudo terminar nada eso\u201d, cont\u00f3 la presidenta del club centenario.<\/p>\n<p>\u201cLos festejos los vamos a hacer. No s\u00e9 si ser\u00e1 este a\u00f1o o el siguiente, no creo que podamos hacer un evento con mucha gente. Quiero llevar tranquilidad a la gente que colabor\u00f3 con dinero que lo depositamos en una cuenta bancaria para utilizarlo en la celebraci\u00f3n\u201d, explic\u00f3 Rattalino.<\/p>\n<p>Adem\u00e1s de la refacci\u00f3n del SUM, la presidenta cont\u00f3 que se estaban realizando los nuevos ba\u00f1os que tampoco pudieron terminarse.<\/p>\n<p>\u201cDesde lo personal es una sensaci\u00f3n muy extra\u00f1a, hac\u00eda rato que ven\u00edamos so\u00f1ando con los cien a\u00f1os del club. Con mucho trabajo y con mucha gente. Hab\u00edamos formado una Comisi\u00f3n de Festejos con gente que se hab\u00eda acercado ahora. Hicimos un trabajo hermoso de recopilaci\u00f3n de datos y an\u00e9cdotas\u201d, finaliz\u00f3 Rattalino.<\/p>\n<p>&nbsp;<\/p>\n<p>Diario de la Pampa<\/p>\n<div class=\"oasis-despues-del-contenido\" id=\"oasis-13753906\"><img loading=\"lazy\" decoding=\"async\" src=\"https:\/\/oasisfm935.com.ar\/site\/wp-content\/uploads\/2020\/08\/47806202-8741-49f2-a5c9-d2f930e5baa1.jpg\" alt=\"\"  srcset=\"https:\/\/oasisfm935.com.ar\/site\/wp-content\/uploads\/2020\/08\/47806202-8741-49f2-a5c9-d2f930e5baa1.jpg 1080w, https:\/\/oasisfm935.com.ar\/site\/wp-content\/uploads\/2020\/08\/47806202-8741-49f2-a5c9-d2f930e5baa1-300x300.jpg 300w, https:\/\/oasisfm935.com.ar\/site\/wp-content\/uploads\/2020\/08\/47806202-8741-49f2-a5c9-d2f930e5baa1-1024x1024.jpg 1024w, https:\/\/oasisfm935.com.ar\/site\/wp-content\/uploads\/2020\/08\/47806202-8741-49f2-a5c9-d2f930e5baa1-150x150.jpg 150w, https:\/\/oasisfm935.com.ar\/site\/wp-content\/uploads\/2020\/08\/47806202-8741-49f2-a5c9-d2f930e5baa1-768x768.jpg 768w\" sizes=\"(max-width: 1080px) 100vw, 1080px\" class=\"no-lazyload\" width=\"1080\" height=\"1080\"  style=\"display: inline-block;\" \/><\/div>","protected":false},"excerpt":{"rendered":"<p>El Tripero arrib\u00f3 a los 100 a\u00f1os en una fecha particular en medio de la pandemia del Coronavirus. Cien a\u00f1os atr\u00e1s, una<\/p>\n","protected":false},"author":4,"featured_media":4317,"comment_status":"closed","ping_status":"open","sticky":false,"template":"","format":"standard","meta":{"colormag_page_layout":"default_layout","footnotes":""},"categories":[2],"tags":[],"class_list":["post-4316","post","type-post","status-publish","format-standard","has-post-thumbnail","hentry","category-noticias"],"_links":{"self":[{"href":"https:\/\/oasisfm935.com.ar\/site\/wp-json\/wp\/v2\/posts\/4316","targetHints":{"allow":["GET"]}}],"collection":[{"href":"https:\/\/oasisfm935.com.ar\/site\/wp-json\/wp\/v2\/posts"}],"about":[{"href":"https:\/\/oasisfm935.com.ar\/site\/wp-json\/wp\/v2\/types\/post"}],"author":[{"embeddable":true,"href":"https:\/\/oasisfm935.com.ar\/site\/wp-json\/wp\/v2\/users\/4"}],"replies":[{"embeddable":true,"href":"https:\/\/oasisfm935.com.ar\/site\/wp-json\/wp\/v2\/comments?post=4316"}],"version-history":[{"count":1,"href":"https:\/\/oasisfm935.com.ar\/site\/wp-json\/wp\/v2\/posts\/4316\/revisions"}],"predecessor-version":[{"id":4318,"href":"https:\/\/oasisfm935.com.ar\/site\/wp-json\/wp\/v2\/posts\/4316\/revisions\/4318"}],"wp:featuredmedia":[{"embeddable":true,"href":"https:\/\/oasisfm935.com.ar\/site\/wp-json\/wp\/v2\/media\/4317"}],"wp:attachment":[{"href":"https:\/\/oasisfm935.com.ar\/site\/wp-json\/wp\/v2\/media?parent=4316"}],"wp:term":[{"taxonomy":"category","embeddable":true,"href":"https:\/\/oasisfm935.com.ar\/site\/wp-json\/wp\/v2\/categories?post=4316"},{"taxonomy":"post_tag","embeddable":true,"href":"https:\/\/oasisfm935.com.ar\/site\/wp-json\/wp\/v2\/tags?post=4316"}],"curies":[{"name":"wp","href":"https:\/\/api.w.org\/{rel}","templated":true}]}}