{"id":4332,"date":"2020-04-24T20:43:47","date_gmt":"2020-04-24T23:43:47","guid":{"rendered":"http:\/\/oasisfm935.com\/site\/?p=4332"},"modified":"2020-04-24T20:43:47","modified_gmt":"2020-04-24T23:43:47","slug":"ingeniero-luiggi-pekerman-recordo-su-paso-por-el-club-matienzo","status":"publish","type":"post","link":"https:\/\/oasisfm935.com.ar\/site\/ingeniero-luiggi-pekerman-recordo-su-paso-por-el-club-matienzo\/","title":{"rendered":"Ingeniero Luiggi: Pekerman record\u00f3 su paso  por el Club Matienzo"},"content":{"rendered":"<nav id=\"t3-mainnav\" class=\"wrap t3-mainnav navbar-collapse-fixed-top affix min-mainnav\">\n<div class=\"wrap\">\n<div class=\"navbar container\">\n<div class=\"navbar-inner row-fluid\">\n<div class=\"header-menu span6 nav-collapse collapse always-show\">\n<div class=\"t3-megamenu animate slide\" data-duration=\"400\" data-responsive=\"true\">\n<ul class=\"category-module\">\n<li class=\"dropdown mega\" data-id=\"750\" data-level=\"1\" data-xicon=\"icon-download\">\n<div class=\"nav-child dropdown-menu mega-dropdown-menu\">\n<div class=\"mega-dropdown-inner\">\n<div class=\"row-fluid\">\n<div class=\"span6 mega-col-nav\" data-width=\"6\">\n<div class=\"mega-inner\">\n<ul class=\"mega-nav level1\">\n<li data-id=\"792\" data-level=\"2\"><\/li>\n<\/ul>\n<\/div>\n<\/div>\n<\/div>\n<\/div>\n<\/div>\n<\/li>\n<\/ul>\n<p>\u201cEs algo que voy a valorar de por vida\u201d, dijo Jos\u00e9, en una entrevista en el marco del centenario del Tripero.<\/p>\n<\/div>\n<\/div>\n<\/div>\n<\/div>\n<\/div>\n<\/nav>\n<section id=\"t3-mainbody\" class=\"container t3-mainbody\">\n<div class=\"row\">\n<div id=\"t3-content\" class=\"t3-content span12\">\n<div class=\"main-content\">\n<div class=\"item-page text clearfix\">\n<article>\n<section class=\"article-content clearfix row\">\n<div class=\"article-body span12 span8 eq-first\">\n<p><strong>Las historias del f\u00fatbol del interior son inagotables. La Pampa no est\u00e1 exenta de ser una fuente constante de recuerdos y an\u00e9cdotas. El centenario de Matienzo de Luiggi sac\u00f3 del caj\u00f3n de los recuerdos una de ellas. Fue el paso como futbolista de Jos\u00e9 N\u00e9stor Pekerman por el Tripero en el a\u00f1o 1980.<\/strong><\/p>\n<p>Fueron apenas un pu\u00f1ado de partidos de qui\u00e9n con el tiempo se convertir\u00eda en el mejor entrenador de las Selecciones Juveniles de la historia argentina, y que tambi\u00e9n dirigir\u00eda en Mundiales tanto a la Albiceleste como al seleccionado mayor de Colombia.<\/p>\n<p>Fue una aventura para un Pekerman que, con 30 a\u00f1os, todav\u00eda ten\u00eda hilo en el carretel para despuntar el vicio del f\u00fatbol. Lleg\u00f3 desde Buenos Aires d\u00f3nde manejaba un taxi durante la semana y los domingos viajaba hasta a un peque\u00f1o pueblo pampeano, bolso al hombro, junto con otro futbolista de renombre de la historia argentina, Luis Recupero, campe\u00f3n con Chacarita Juniors en 1969.<\/p>\n<p>La historia fue casi ef\u00edmera: desde el 20 de abril hasta el 18 de mayo de 1980. La estad\u00edstica ser\u00e1 m\u00e1s fr\u00eda a\u00fan: fueron apenas cuatro partidos d\u00f3nde Matienzo enfrent\u00f3 a Deportivo Argentino de Quem\u00fa Quem\u00fa, Ferro de Alvear, Racing de Castex y Sportivo Independiente de General Pico. Pero la an\u00e9cdota quedar\u00e1 para la posteridad del f\u00fatbol pampeano: un entrenador campe\u00f3n del mundo y de renombre a nivel internacional tiene parte de su coraz\u00f3n en un peque\u00f1o pueblo pampeano. El centenario de Matienzo fue la gran excusa para traer al presente esta bella historia.<\/p>\n<p>El Tripero de los 100 a\u00f1os, hay que decir, tambi\u00e9n supo contar con Rodolfo Talamonti, hist\u00f3rico ayudante de campo de \u00c1ngel Labruna en River y otro paso muy fugaz de Guillermo Daniel Rivarola, que luego jugar\u00eda en el Millonario en los a\u00f1os 90.<\/p>\n<p>El d\u00eda del centenario de Matienzo, Jos\u00e9 N\u00e9stor Pekerman dialog\u00f3 con<strong>\u00a0980 Master Deportivo de Radio 37<\/strong>\u00a0en una entrevista d\u00f3nde record\u00f3 aquel paso por el club pampeano pero tambi\u00e9n rememor\u00f3 a otros futbolistas de nuestro terru\u00f1o que llegaron a las luces de la gran ciudad como Luis Zubeld\u00eda y Daniel Mart\u00ednez.<\/p>\n<p><strong>&#8211; \u00bfQu\u00e9 recuerda de su paso por Matienzo de Luiggi?<\/strong><\/p>\n<p>&#8211; Hay que poner muchas cosas en la memoria, ha cambiado la comunicaci\u00f3n y las noticias que tuvo un avance enorme. No recuerdo la cantidad de partidos pero recuerdo que disfrut\u00e9 much\u00edsimo la etapa en Matienzo. Tuve la posibilidad de conocer a gente fant\u00e1stica, c\u00f3mo te recib\u00eda, como te valoraban lo que uno quer\u00eda aportar. Para m\u00ed fue inolvidable. Hab\u00eda viajado con un vecino que tuvo trascendencia a nivel nacional, Luis Recupero, con el que viv\u00edamos cerca aqu\u00ed en Buenos Aires. Si bien no \u00e9ramos amigos pero hab\u00edamos sido rivales, \u00e9l jug\u00f3 en V\u00e9lez Sarsfield y en Chacarita Juniors d\u00f3nde fue campe\u00f3n del f\u00fatbol argentino, el \u00fanico t\u00edtulo en Primera de Chacarita y \u00e9l fue parte de eso. Ambos coincidimos en Matienzo, viaj\u00e1bamos los fines de semana con mucha alegr\u00eda. Era una etapa con mucha experiencia y con muchos a\u00f1os, fue una oportunidad de acercarnos al f\u00fatbol del interior y la pasamos muy lindo. La gente nos recibi\u00f3 con mucho afecto y lo voy a valorar de por vida.<\/p>\n<p><strong>&#8211; \u00bfC\u00f3mo se da el contacto para venir a La Pampa?<\/strong><\/p>\n<p>&#8211; Yo hab\u00eda vuelto de jugar de Independiente Medell\u00edn de Colombia, tuve una operaci\u00f3n de rodilla en ese momento. Le ped\u00ed a la gente de Colombia que me permitiera viajar a la Argentina. En esos a\u00f1os la medicina deportiva en Argentina era pionera, en los avances y la recuperaci\u00f3n. Eso me daba tranquilidad para seguir la etapa de recuperaci\u00f3n. En esa etapa hab\u00eda empezado a hacer f\u00fatbol, entrenaba con jugadores libres, all\u00ed nos juntamos con Luis Rec\u00fapero. En aquellos tiempos hab\u00eda muchos jugadores que hab\u00edan tenido una trayectoria en el f\u00fatbol grande pero que viajaban a las provincias a jugar. Eran jugadores que por distintos motivos no consegu\u00edan clubes, era otra \u00e9poca. Se ve\u00edan jugadores con experiencia que estaban libres. Rec\u00fapero me coment\u00f3 de la posibilidad de ir a Matienzo. Lo tom\u00e9 con optimismo porque era muy bueno para m\u00ed y lo disfrut\u00e9 mucho.<\/p>\n<p><strong>&#8211; \u00bfEn esa \u00e9poca ya ten\u00eda por objetivo convertirse en entrenador?<\/strong><\/p>\n<p>&#8211; Claro que s\u00ed. De todos los lugares uno aprende cosas, ese fue un primer paso para m\u00ed. M\u00e1s all\u00e1 del jugador encontr\u00e9 eco en la gente y en mis compa\u00f1eros. En aquellos tiempos uno pod\u00eda explicar cosas del f\u00fatbol que si eran bien recibidas pod\u00edan ser un aporte, siempre fui proclive a eso, de hacer cosas que tengan sentido y sirvan para los objetivos de un grupo. Ah\u00ed empec\u00e9 a sentir que pod\u00eda tener condiciones importantes para ser entrenador. Fue un paso vital. Hab\u00eda clubes importantes en aquel momento en Pico que luego llegaron a jugar en el Nacional. Uno llega a considerar los talentos que hay en el interior, que por distintos motivos de su carrera, trabajo o vida cotidiana no le permitieron llegar a una posici\u00f3n resonante en el f\u00fatbol pero que tuvieron condiciones futbol\u00edsticas valorables. Yo en esa etapa sent\u00eda que ten\u00eda condiciones valorables para desarrollar en un futuro. En esa \u00e9poca necesitaba trabajar el fin de semana, era otra \u00e9poca en cuanto a las necesidades que uno ten\u00eda con su familia. Yo ten\u00eda un taxi, trabajaba horas all\u00ed. Sent\u00ed que la distancia era lejana para luego desarrollar otra tarea, ah\u00ed es cuando decid\u00ed ir a Olavarr\u00eda d\u00f3nde pude continuar un poco m\u00e1s en el f\u00fatbol. Ah\u00ed definitivamente me fui cada vez m\u00e1s cerca y estuve en Saladillo y ah\u00ed di mis primeros pasos jugando y dirigiendo, fue una forma de experimentar antes de ingresar a la Escuela de T\u00e9cnicos que ten\u00edan unos ingresos muy limitados, con el tiempo hice el curso, en el 81 y 82 y all\u00ed comenc\u00e9 como entrenador. Primero en Estudiantes de Buenos Aires, luego en Chacarita Juniors, primero como ayudante de campo y luego como Director T\u00e9cnico.<\/p>\n<p><strong>&#8211; Cuando ya era entrenador vino a General Pico a observar jugadores y all\u00ed encuentra a Luis Zubeld\u00eda \u00bfLo recuerda?<\/strong><\/p>\n<p>&#8211; S\u00ed, por supuesto. Es una historia muy linda porque uno sab\u00eda de las posibilidades de los jugadores y creo que en el proyecto que pudimos realizar en el f\u00fatbol argentino cambi\u00f3 la historia de lo que se ven\u00eda haciendo. Sobre todo creen en los jugadores de las regiones y del interior del pa\u00eds. Yo ten\u00eda experiencia en mi trabajo como entrenador de Argentinos Juniors d\u00f3nde me hab\u00eda ido muy bien con los pampeanos. Recuerdo a Daniel Mart\u00ednez que hoy es m\u00e9dico de la Selecci\u00f3n y es un orgullo para los pampeanos. Un profesional con un nivel extraordinario. Tambi\u00e9n recuerdo al Colorado Mac Allister, recuerdo al Topo Gonz\u00e1lez, a Pablito Carcaterra, me encantaba, era un jugador que pod\u00eda haber llegado a un nivel alt\u00edsimo. Se lesion\u00f3 la rodilla, a veces hay que tener un poco de fortuna.<\/p>\n<p><strong>&#8211; Hoy el Topo Gonz\u00e1lez es el entrenador de Costa Brava de General Pico&#8230;<\/strong><\/p>\n<p>&#8211; No me puedo olvidar del Topo, yo siempre admiraba su juego y sus condiciones. Las cosas no se dieron para \u00e9l. Siempre hago relaci\u00f3n a las \u00e9pocas, hoy ha cambiado mucho. Hoy en d\u00eda los j\u00f3venes tienen otras ayudas y otros respaldos que le permiten tener m\u00e1s tranquilidad para desarrollar su carrera m\u00e1s all\u00e1 del desarraigo habitual.<\/p>\n<p><strong>&#8211; El f\u00fatbol del interior siempre ha hecho su aporte al f\u00fatbol argentino&#8230;<\/strong><\/p>\n<p>&#8211; Siempre ha sido as\u00ed, hist\u00f3ricamente. Yo lo puedo afirmar con satisfacci\u00f3n porque lo viv\u00ed y lo disfrut\u00e9. En Argentina en los a\u00f1os 80 el f\u00fatbol juvenil creci\u00f3 en todos los clubes de Buenos Aires, el Mundial del 78 y del 86 hizo que se le diera mucha importancia a las Divisiones Formativas pero est\u00e1bamos en deuda con el interior porque la organizaci\u00f3n del f\u00fatbol juvenil creci\u00f3 mucho en Buenos Aires, cada club ten\u00eda su entrenador y preparador f\u00edsico, en el interior hab\u00eda talento pero no ten\u00eda la estructura que hab\u00eda en la capital. Hab\u00eda menos posibilidades para los chicos de esa \u00e9poca. Yo era consciente, por eso contaba lo de la etapa en las Ligas d\u00f3nde uno va conociendo como es la entra\u00f1a del jugador regional con las dificultades y las pocas posibilidades de mejorar su entrenamiento. Hoy ha cambiado mucho y esas diferencias pr\u00e1cticamente no existen, se nota en los equipos, en los Regionales, en Primera Nacional, en los Torneos Argentinos, creo que siempre el jugador del interior ha nutrido al f\u00fatbol argentino. Si hicieran las estad\u00edsticas ser\u00eda abrumador la cantidad de jugadores que llegaron desde ah\u00ed.<\/p>\n<p><strong>&#8211; \u00bfHa tenido propuestas para volver a dirigir?<\/strong><\/p>\n<p>&#8211; Por ahora estoy en una pausa, la necesitaba despu\u00e9s del Mundial y de dirigir en Colombia. Todav\u00eda me siento bien, estoy esperando para ver si en alg\u00fan momento surge alg\u00fan proyecto interesante para seguir haciendo cosas en el f\u00fatbol. He tenido propuestas.<\/p>\n<\/div>\n<p>Diario de la Pampa<\/p>\n<\/section>\n<\/article>\n<\/div>\n<\/div>\n<\/div>\n<\/div>\n<\/section>\n<div class=\"oasis-despues-del-contenido\" id=\"oasis-2900666090\"><img loading=\"lazy\" decoding=\"async\" src=\"https:\/\/oasisfm935.com.ar\/site\/wp-content\/uploads\/2020\/08\/47806202-8741-49f2-a5c9-d2f930e5baa1.jpg\" alt=\"\"  srcset=\"https:\/\/oasisfm935.com.ar\/site\/wp-content\/uploads\/2020\/08\/47806202-8741-49f2-a5c9-d2f930e5baa1.jpg 1080w, https:\/\/oasisfm935.com.ar\/site\/wp-content\/uploads\/2020\/08\/47806202-8741-49f2-a5c9-d2f930e5baa1-300x300.jpg 300w, https:\/\/oasisfm935.com.ar\/site\/wp-content\/uploads\/2020\/08\/47806202-8741-49f2-a5c9-d2f930e5baa1-1024x1024.jpg 1024w, https:\/\/oasisfm935.com.ar\/site\/wp-content\/uploads\/2020\/08\/47806202-8741-49f2-a5c9-d2f930e5baa1-150x150.jpg 150w, https:\/\/oasisfm935.com.ar\/site\/wp-content\/uploads\/2020\/08\/47806202-8741-49f2-a5c9-d2f930e5baa1-768x768.jpg 768w\" sizes=\"(max-width: 1080px) 100vw, 1080px\" class=\"no-lazyload\" width=\"1080\" height=\"1080\"  style=\"display: inline-block;\" \/><\/div>","protected":false},"excerpt":{"rendered":"<p>\u201cEs algo que voy a valorar de por vida\u201d, dijo Jos\u00e9, en una entrevista en el marco del centenario del Tripero. Las<\/p>\n","protected":false},"author":4,"featured_media":4333,"comment_status":"closed","ping_status":"open","sticky":false,"template":"","format":"standard","meta":{"colormag_page_layout":"default_layout","footnotes":""},"categories":[2],"tags":[],"class_list":["post-4332","post","type-post","status-publish","format-standard","has-post-thumbnail","hentry","category-noticias"],"_links":{"self":[{"href":"https:\/\/oasisfm935.com.ar\/site\/wp-json\/wp\/v2\/posts\/4332","targetHints":{"allow":["GET"]}}],"collection":[{"href":"https:\/\/oasisfm935.com.ar\/site\/wp-json\/wp\/v2\/posts"}],"about":[{"href":"https:\/\/oasisfm935.com.ar\/site\/wp-json\/wp\/v2\/types\/post"}],"author":[{"embeddable":true,"href":"https:\/\/oasisfm935.com.ar\/site\/wp-json\/wp\/v2\/users\/4"}],"replies":[{"embeddable":true,"href":"https:\/\/oasisfm935.com.ar\/site\/wp-json\/wp\/v2\/comments?post=4332"}],"version-history":[{"count":1,"href":"https:\/\/oasisfm935.com.ar\/site\/wp-json\/wp\/v2\/posts\/4332\/revisions"}],"predecessor-version":[{"id":4334,"href":"https:\/\/oasisfm935.com.ar\/site\/wp-json\/wp\/v2\/posts\/4332\/revisions\/4334"}],"wp:featuredmedia":[{"embeddable":true,"href":"https:\/\/oasisfm935.com.ar\/site\/wp-json\/wp\/v2\/media\/4333"}],"wp:attachment":[{"href":"https:\/\/oasisfm935.com.ar\/site\/wp-json\/wp\/v2\/media?parent=4332"}],"wp:term":[{"taxonomy":"category","embeddable":true,"href":"https:\/\/oasisfm935.com.ar\/site\/wp-json\/wp\/v2\/categories?post=4332"},{"taxonomy":"post_tag","embeddable":true,"href":"https:\/\/oasisfm935.com.ar\/site\/wp-json\/wp\/v2\/tags?post=4332"}],"curies":[{"name":"wp","href":"https:\/\/api.w.org\/{rel}","templated":true}]}}