{"id":4353,"date":"2020-04-25T12:22:26","date_gmt":"2020-04-25T15:22:26","guid":{"rendered":"http:\/\/oasisfm935.com\/site\/?p=4353"},"modified":"2020-04-25T12:22:26","modified_gmt":"2020-04-25T15:22:26","slug":"tarjeta-alimentar-el-gobierno-acreditara-un-extra-de-hasta-6-mil-pesos","status":"publish","type":"post","link":"https:\/\/oasisfm935.com.ar\/site\/tarjeta-alimentar-el-gobierno-acreditara-un-extra-de-hasta-6-mil-pesos\/","title":{"rendered":"Tarjeta Alimentar: el Gobierno acreditar\u00e1 un extra de hasta 6 mil pesos"},"content":{"rendered":"<p>Lo confirm\u00f3 el ministro de Desarrollo Social, Daniel Arroyo, quien asegur\u00f3 que su tarea es\u00a0fortalecer el derecho de las familias a una alimentaci\u00f3n sana y a sostener los ingresos frente a la pandemia.<\/p>\n<p>El ministro de Desarrollo Social,<strong>\u00a0Daniel Arroyo<\/strong>, anunci\u00f3 esta ma\u00f1ana que se realizar\u00e1 el\u00a0\u00a0pago de un \u201crefuerzo extraordinario\u201d para los beneficiarios de la\u00a0<strong>Tarjeta Alimentar. El beneficio se acreditar\u00e1 el pr\u00f3ximo mi\u00e9rcoles 29 y que ser\u00e1 de 4 mil pesos para las familias con un hijo y 6 mil para aquellas que tengan m\u00e1s de un hijo.<\/strong><\/p>\n<p>\u00abNuestra tarea es fortalecer el derecho de las familias a una alimentaci\u00f3n sana y sostener los ingresos en una situaci\u00f3n social cr\u00edtica\u201d, sostuvo Arroyo y dio a conocer la medida.<\/p>\n<p>Desde el ministerio se se\u00f1al\u00f3 que el objetivo de este pago extra es\u00a0<strong>\u201cgarantizar el acceso a la alimentaci\u00f3n de los sectores m\u00e1s vulnerables en el marco de la emergencia ocasionado por la Covid-19\u201d.<\/strong><\/p>\n<p>A los titulares del plan Alimentar que\u00a0<strong>no<\/strong>\u00a0tienen la tarjeta para cobrar, se les acreditar\u00e1 el monto\u00a0junto con el pago de la AUH, de acuerdo al cronograma de fechas dispuestas por Anses.<\/p>\n<p>La tarjeta est\u00e1 destinada a\u00a0<strong>madres y padres con hijos de hasta 6 a\u00f1os de edad que reciben la Asignaci\u00f3n Universal por Hijo (AUH); embarazadas a partir de los tres meses que cobran la Asignaci\u00f3n por Embarazo; y personas con discapacidad que reciben la AUH.\u00a0<\/strong>El beneficio establece un monto de entre 4 mil y 6 mil pesos mensuales para comprar todo tipo de alimentos.<\/p>\n<div class=\"oasis-despues-del-contenido\" id=\"oasis-869321321\"><img loading=\"lazy\" decoding=\"async\" src=\"https:\/\/oasisfm935.com.ar\/site\/wp-content\/uploads\/2020\/08\/47806202-8741-49f2-a5c9-d2f930e5baa1.jpg\" alt=\"\"  srcset=\"https:\/\/oasisfm935.com.ar\/site\/wp-content\/uploads\/2020\/08\/47806202-8741-49f2-a5c9-d2f930e5baa1.jpg 1080w, https:\/\/oasisfm935.com.ar\/site\/wp-content\/uploads\/2020\/08\/47806202-8741-49f2-a5c9-d2f930e5baa1-300x300.jpg 300w, https:\/\/oasisfm935.com.ar\/site\/wp-content\/uploads\/2020\/08\/47806202-8741-49f2-a5c9-d2f930e5baa1-1024x1024.jpg 1024w, https:\/\/oasisfm935.com.ar\/site\/wp-content\/uploads\/2020\/08\/47806202-8741-49f2-a5c9-d2f930e5baa1-150x150.jpg 150w, https:\/\/oasisfm935.com.ar\/site\/wp-content\/uploads\/2020\/08\/47806202-8741-49f2-a5c9-d2f930e5baa1-768x768.jpg 768w\" sizes=\"(max-width: 1080px) 100vw, 1080px\" class=\"no-lazyload\" width=\"1080\" height=\"1080\"  style=\"display: inline-block;\" \/><\/div>","protected":false},"excerpt":{"rendered":"<p>Lo confirm\u00f3 el ministro de Desarrollo Social, Daniel Arroyo, quien asegur\u00f3 que su tarea es\u00a0fortalecer el derecho de las familias a una<\/p>\n","protected":false},"author":4,"featured_media":4354,"comment_status":"closed","ping_status":"open","sticky":false,"template":"","format":"standard","meta":{"colormag_page_layout":"default_layout","footnotes":""},"categories":[2],"tags":[],"class_list":["post-4353","post","type-post","status-publish","format-standard","has-post-thumbnail","hentry","category-noticias"],"_links":{"self":[{"href":"https:\/\/oasisfm935.com.ar\/site\/wp-json\/wp\/v2\/posts\/4353","targetHints":{"allow":["GET"]}}],"collection":[{"href":"https:\/\/oasisfm935.com.ar\/site\/wp-json\/wp\/v2\/posts"}],"about":[{"href":"https:\/\/oasisfm935.com.ar\/site\/wp-json\/wp\/v2\/types\/post"}],"author":[{"embeddable":true,"href":"https:\/\/oasisfm935.com.ar\/site\/wp-json\/wp\/v2\/users\/4"}],"replies":[{"embeddable":true,"href":"https:\/\/oasisfm935.com.ar\/site\/wp-json\/wp\/v2\/comments?post=4353"}],"version-history":[{"count":1,"href":"https:\/\/oasisfm935.com.ar\/site\/wp-json\/wp\/v2\/posts\/4353\/revisions"}],"predecessor-version":[{"id":4355,"href":"https:\/\/oasisfm935.com.ar\/site\/wp-json\/wp\/v2\/posts\/4353\/revisions\/4355"}],"wp:featuredmedia":[{"embeddable":true,"href":"https:\/\/oasisfm935.com.ar\/site\/wp-json\/wp\/v2\/media\/4354"}],"wp:attachment":[{"href":"https:\/\/oasisfm935.com.ar\/site\/wp-json\/wp\/v2\/media?parent=4353"}],"wp:term":[{"taxonomy":"category","embeddable":true,"href":"https:\/\/oasisfm935.com.ar\/site\/wp-json\/wp\/v2\/categories?post=4353"},{"taxonomy":"post_tag","embeddable":true,"href":"https:\/\/oasisfm935.com.ar\/site\/wp-json\/wp\/v2\/tags?post=4353"}],"curies":[{"name":"wp","href":"https:\/\/api.w.org\/{rel}","templated":true}]}}