{"id":4362,"date":"2020-04-26T20:24:59","date_gmt":"2020-04-26T23:24:59","guid":{"rendered":"http:\/\/oasisfm935.com\/site\/?p=4362"},"modified":"2020-04-26T20:25:33","modified_gmt":"2020-04-26T23:25:33","slug":"coronavirus-la-pampa-seguira-con-cuarentena-administrada-y-no-habilito-las-caminatas","status":"publish","type":"post","link":"https:\/\/oasisfm935.com.ar\/site\/coronavirus-la-pampa-seguira-con-cuarentena-administrada-y-no-habilito-las-caminatas\/","title":{"rendered":"Coronavirus: La Pampa seguir\u00e1 con cuarentena administrada y no habilit\u00f3 las caminatas."},"content":{"rendered":"<p>El\u00a0<strong>Gobierno de La Pampa decidi\u00f3 por ahora no habilitar las salidas de una hora para esparcimiento<\/strong>, que fueron anunciadas por Casa Rosada.<\/p>\n<p>El anuncio lo hizo, por las redes sociales, el gobernador Sergio Ziliotto. \u00abA partir del nuevo Decreto de Necesidad y Urgencia del gobierno nacional iremos incorporando progresivamente otras actividades econ\u00f3micas como excepciones a la cuarentena dispuesta por el Covid-19. Repitiendo metodolog\u00edas fijaremos cada protocolo sanitario.\u00a0<strong>Luego, analizaremos incorporar el esparcimiento<\/strong>. \u00a1No dilapidemos tanto esfuerzo!\u00bb, pidi\u00f3. \u00abEl aislamiento social es la \u00fanica vacuna que nos protege\u00bb, agreg\u00f3.<\/p>\n<p>A su vez, los gobiernos de la provincia de Buenos Aires, de la ciudad de Buenos Aires, C\u00f3rdoba y Santa Fe tambi\u00e9n resolvieron en forma conjunta no habilitar las salidas de una hora para esparcimiento que fueron anunciadas por el Gobierno nacional.<\/p>\n<p>A trav\u00e9s de un inusual comunicado conjunto, las autoridades de los distritos m\u00e1s poblados y los m\u00e1s afectados por el coronavirus, aclararon que \u201cen aquellas localidades con baja densidad poblacional y escasa o nula circulaci\u00f3n viral, se permitir\u00e1n las salidas de esparcimiento en las condiciones que se consens\u00faen con las autoridades municipales\u201d. En estos casos, las decisiones se acordar\u00e1n con los respectivos intendentes municipales de cada uno de los territorios.<\/p>\n<p>Estas cuatro provincias nuclean casi el 70% de la poblaci\u00f3n del pa\u00eds y sus dirigentes consideraron que es importante mantener un alto grado de cohesi\u00f3n. Por eso entendieron que era importante comunicar en forma conjunta. \u201cHay que mostrarse unidos y firmes en c\u00f3mo debe seguir la cuarentena\u00bb, explicaron a Infobae.<\/p>\n<p>En el caso de Santa Fe, el gobernador Omar Perotti inform\u00f3 que las medidas de aislamiento obligatorio continuar\u00e1n al menos durante siete d\u00edas m\u00e1s en la capital provincial y en Rosario para analizar la evoluci\u00f3n de la situaci\u00f3n sanitaria.<\/p>\n<div class=\"EmbeddedTweet-tweet\">\n<blockquote class=\"Tweet h-entry js-tweetIdInfo subject expanded\" cite=\"https:\/\/twitter.com\/ZiliottoSergio\/status\/1254538719618621447\" data-tweet-id=\"1254538719618621447\" data-scribe=\"section:subject\">\n<div class=\"Tweet-body e-entry-content\" data-scribe=\"component:tweet\">\n<div class=\"TweetInfo\">\n<div class=\"TweetInfo-like\"><\/div>\n<\/div>\n<\/div>\n<\/blockquote>\n<\/div>\n<div class=\"CallToAction-icon\" data-scribe=\"element:conversation_icon\"><\/div>\n<p>&nbsp;<\/p>\n<div class=\"oasis-despues-del-contenido\" id=\"oasis-4049611819\"><img loading=\"lazy\" decoding=\"async\" src=\"https:\/\/oasisfm935.com.ar\/site\/wp-content\/uploads\/2020\/08\/47806202-8741-49f2-a5c9-d2f930e5baa1.jpg\" alt=\"\"  srcset=\"https:\/\/oasisfm935.com.ar\/site\/wp-content\/uploads\/2020\/08\/47806202-8741-49f2-a5c9-d2f930e5baa1.jpg 1080w, https:\/\/oasisfm935.com.ar\/site\/wp-content\/uploads\/2020\/08\/47806202-8741-49f2-a5c9-d2f930e5baa1-300x300.jpg 300w, https:\/\/oasisfm935.com.ar\/site\/wp-content\/uploads\/2020\/08\/47806202-8741-49f2-a5c9-d2f930e5baa1-1024x1024.jpg 1024w, https:\/\/oasisfm935.com.ar\/site\/wp-content\/uploads\/2020\/08\/47806202-8741-49f2-a5c9-d2f930e5baa1-150x150.jpg 150w, https:\/\/oasisfm935.com.ar\/site\/wp-content\/uploads\/2020\/08\/47806202-8741-49f2-a5c9-d2f930e5baa1-768x768.jpg 768w\" sizes=\"(max-width: 1080px) 100vw, 1080px\" class=\"no-lazyload\" width=\"1080\" height=\"1080\"  style=\"display: inline-block;\" \/><\/div>","protected":false},"excerpt":{"rendered":"<p>El\u00a0Gobierno de La Pampa decidi\u00f3 por ahora no habilitar las salidas de una hora para esparcimiento, que fueron anunciadas por Casa Rosada.<\/p>\n","protected":false},"author":4,"featured_media":4365,"comment_status":"closed","ping_status":"open","sticky":false,"template":"","format":"standard","meta":{"colormag_page_layout":"default_layout","footnotes":""},"categories":[2],"tags":[],"class_list":["post-4362","post","type-post","status-publish","format-standard","has-post-thumbnail","hentry","category-noticias"],"_links":{"self":[{"href":"https:\/\/oasisfm935.com.ar\/site\/wp-json\/wp\/v2\/posts\/4362","targetHints":{"allow":["GET"]}}],"collection":[{"href":"https:\/\/oasisfm935.com.ar\/site\/wp-json\/wp\/v2\/posts"}],"about":[{"href":"https:\/\/oasisfm935.com.ar\/site\/wp-json\/wp\/v2\/types\/post"}],"author":[{"embeddable":true,"href":"https:\/\/oasisfm935.com.ar\/site\/wp-json\/wp\/v2\/users\/4"}],"replies":[{"embeddable":true,"href":"https:\/\/oasisfm935.com.ar\/site\/wp-json\/wp\/v2\/comments?post=4362"}],"version-history":[{"count":1,"href":"https:\/\/oasisfm935.com.ar\/site\/wp-json\/wp\/v2\/posts\/4362\/revisions"}],"predecessor-version":[{"id":4364,"href":"https:\/\/oasisfm935.com.ar\/site\/wp-json\/wp\/v2\/posts\/4362\/revisions\/4364"}],"wp:featuredmedia":[{"embeddable":true,"href":"https:\/\/oasisfm935.com.ar\/site\/wp-json\/wp\/v2\/media\/4365"}],"wp:attachment":[{"href":"https:\/\/oasisfm935.com.ar\/site\/wp-json\/wp\/v2\/media?parent=4362"}],"wp:term":[{"taxonomy":"category","embeddable":true,"href":"https:\/\/oasisfm935.com.ar\/site\/wp-json\/wp\/v2\/categories?post=4362"},{"taxonomy":"post_tag","embeddable":true,"href":"https:\/\/oasisfm935.com.ar\/site\/wp-json\/wp\/v2\/tags?post=4362"}],"curies":[{"name":"wp","href":"https:\/\/api.w.org\/{rel}","templated":true}]}}