{"id":4370,"date":"2020-04-27T12:20:59","date_gmt":"2020-04-27T15:20:59","guid":{"rendered":"http:\/\/oasisfm935.com\/site\/?p=4370"},"modified":"2020-04-27T12:23:48","modified_gmt":"2020-04-27T15:23:48","slug":"en-la-pampa-van-a-habilitar-al-personal-domestico-peluqueros-abogados-y-contadores","status":"publish","type":"post","link":"https:\/\/oasisfm935.com.ar\/site\/en-la-pampa-van-a-habilitar-al-personal-domestico-peluqueros-abogados-y-contadores\/","title":{"rendered":"En La Pampa van a habilitar al personal dom\u00e9stico, peluqueros, abogados y contadores"},"content":{"rendered":"<p>El ministro de Gobierno, Justicia y Derechos Humanos, Daniel Bensus\u00e1n, inform\u00f3 que el Gobierno provincial trabaja en la incorporaci\u00f3n de nuevas actividades a exceptuar de la cuarentena establecida por la pandemia de coronavirus COVID-19.<\/p>\n<p>Se trata espec\u00edficamente de la actividad del<strong>\u00a0personal dom\u00e9stico, la apertura de las peluquer\u00edas y el ejercicio de las profesiones liberales.<\/strong><\/p>\n<p>n tal sentido, y como ha sido norma en casos anteriores, se repetir\u00eda la metodolog\u00eda de instrumentaci\u00f3n de los protocolos que determinan las reglas sanitarias a cumplir, como tambi\u00e9n aquellos par\u00e1metros de funcionamiento que tendr\u00e1 cada actividad. Estos \u00faltimos incorporar\u00e1n adem\u00e1s las propuestas de los sectores involucrados.<\/p>\n<p>Paralelamente, esta semana se observar\u00e1 detenidamente el impacto que tendr\u00e1 en la circulaci\u00f3n social la incorporaci\u00f3n de la obra privada y, por consiguiente, el regreso de los trabajadores de la construcci\u00f3n a la vida laboral.<\/p>\n<p>La semana pasada el Gobierno autoriz\u00f3 la apertura gradual de comercios con ventas online\u00a0 <a href=\"http:\/\/diariotextual.com\/inicio\/index.php\/2020\/04\/20\/ventas-online-santa-rosa-comerciantes-podran-despachar-mercaderia-dos-veces-la-semana\/\" target=\"_blank\" rel=\"noopener noreferrer\">\u00a0<\/a>y este lunes, luego de casi 40 d\u00edas de inactividad por la<strong>\u00a0pandemia<\/strong>\u00a0de coronavirus,<strong>\u00a0se reiniciaron las obras privadas en La Pampa<\/strong>.<\/p>\n<p>&nbsp;<\/p>\n<p>Diario Texutual<\/p>\n<div class=\"oasis-despues-del-contenido\" id=\"oasis-2790837783\"><img loading=\"lazy\" decoding=\"async\" src=\"https:\/\/oasisfm935.com.ar\/site\/wp-content\/uploads\/2020\/08\/47806202-8741-49f2-a5c9-d2f930e5baa1.jpg\" alt=\"\"  srcset=\"https:\/\/oasisfm935.com.ar\/site\/wp-content\/uploads\/2020\/08\/47806202-8741-49f2-a5c9-d2f930e5baa1.jpg 1080w, https:\/\/oasisfm935.com.ar\/site\/wp-content\/uploads\/2020\/08\/47806202-8741-49f2-a5c9-d2f930e5baa1-300x300.jpg 300w, https:\/\/oasisfm935.com.ar\/site\/wp-content\/uploads\/2020\/08\/47806202-8741-49f2-a5c9-d2f930e5baa1-1024x1024.jpg 1024w, https:\/\/oasisfm935.com.ar\/site\/wp-content\/uploads\/2020\/08\/47806202-8741-49f2-a5c9-d2f930e5baa1-150x150.jpg 150w, https:\/\/oasisfm935.com.ar\/site\/wp-content\/uploads\/2020\/08\/47806202-8741-49f2-a5c9-d2f930e5baa1-768x768.jpg 768w\" sizes=\"(max-width: 1080px) 100vw, 1080px\" class=\"no-lazyload\" width=\"1080\" height=\"1080\"  style=\"display: inline-block;\" \/><\/div>","protected":false},"excerpt":{"rendered":"<p>El ministro de Gobierno, Justicia y Derechos Humanos, Daniel Bensus\u00e1n, inform\u00f3 que el Gobierno provincial trabaja en la incorporaci\u00f3n de nuevas actividades<\/p>\n","protected":false},"author":4,"featured_media":4371,"comment_status":"closed","ping_status":"open","sticky":false,"template":"","format":"standard","meta":{"colormag_page_layout":"default_layout","footnotes":""},"categories":[2],"tags":[],"class_list":["post-4370","post","type-post","status-publish","format-standard","has-post-thumbnail","hentry","category-noticias"],"_links":{"self":[{"href":"https:\/\/oasisfm935.com.ar\/site\/wp-json\/wp\/v2\/posts\/4370","targetHints":{"allow":["GET"]}}],"collection":[{"href":"https:\/\/oasisfm935.com.ar\/site\/wp-json\/wp\/v2\/posts"}],"about":[{"href":"https:\/\/oasisfm935.com.ar\/site\/wp-json\/wp\/v2\/types\/post"}],"author":[{"embeddable":true,"href":"https:\/\/oasisfm935.com.ar\/site\/wp-json\/wp\/v2\/users\/4"}],"replies":[{"embeddable":true,"href":"https:\/\/oasisfm935.com.ar\/site\/wp-json\/wp\/v2\/comments?post=4370"}],"version-history":[{"count":2,"href":"https:\/\/oasisfm935.com.ar\/site\/wp-json\/wp\/v2\/posts\/4370\/revisions"}],"predecessor-version":[{"id":4373,"href":"https:\/\/oasisfm935.com.ar\/site\/wp-json\/wp\/v2\/posts\/4370\/revisions\/4373"}],"wp:featuredmedia":[{"embeddable":true,"href":"https:\/\/oasisfm935.com.ar\/site\/wp-json\/wp\/v2\/media\/4371"}],"wp:attachment":[{"href":"https:\/\/oasisfm935.com.ar\/site\/wp-json\/wp\/v2\/media?parent=4370"}],"wp:term":[{"taxonomy":"category","embeddable":true,"href":"https:\/\/oasisfm935.com.ar\/site\/wp-json\/wp\/v2\/categories?post=4370"},{"taxonomy":"post_tag","embeddable":true,"href":"https:\/\/oasisfm935.com.ar\/site\/wp-json\/wp\/v2\/tags?post=4370"}],"curies":[{"name":"wp","href":"https:\/\/api.w.org\/{rel}","templated":true}]}}