{"id":4378,"date":"2020-04-27T19:15:55","date_gmt":"2020-04-27T22:15:55","guid":{"rendered":"http:\/\/oasisfm935.com\/site\/?p=4378"},"modified":"2020-04-27T19:17:52","modified_gmt":"2020-04-27T22:17:52","slug":"ingeniero-luiggi-continua-este-martes-28-de-abril-la-campana-de-vacunacion","status":"publish","type":"post","link":"https:\/\/oasisfm935.com.ar\/site\/ingeniero-luiggi-continua-este-martes-28-de-abril-la-campana-de-vacunacion\/","title":{"rendered":"Ingeniero Luiggi: Continua este martes 28 de Abril la campa\u00f1a de vacunaci\u00f3n."},"content":{"rendered":"<p><strong>Se realizar\u00e1 el Martes 28 de Abril\u00a0 en el hospital local a partir de las 8 horas hasta las 17 horas.<\/strong><\/p>\n<p>Recordamos, que\u00a0 las\u00a0 vacuna antigripal es para personas a partir de 65 a\u00f1os sin distinci\u00f3n de obra social, personas de 2 a 64 a\u00f1os deber\u00e1n concurrir con carnet de vacunaci\u00f3n del a\u00f1o pasado, o ORDEN M\u00c9DICA.<\/p>\n<p>Embarazadas y ni\u00f1os, concurrir con libreta de salud, vacuna antigripal pedi\u00e1trica en stock.<\/p>\n<div class=\"oasis-despues-del-contenido\" id=\"oasis-1274364795\"><img loading=\"lazy\" decoding=\"async\" src=\"https:\/\/oasisfm935.com.ar\/site\/wp-content\/uploads\/2020\/08\/47806202-8741-49f2-a5c9-d2f930e5baa1.jpg\" alt=\"\"  srcset=\"https:\/\/oasisfm935.com.ar\/site\/wp-content\/uploads\/2020\/08\/47806202-8741-49f2-a5c9-d2f930e5baa1.jpg 1080w, https:\/\/oasisfm935.com.ar\/site\/wp-content\/uploads\/2020\/08\/47806202-8741-49f2-a5c9-d2f930e5baa1-300x300.jpg 300w, https:\/\/oasisfm935.com.ar\/site\/wp-content\/uploads\/2020\/08\/47806202-8741-49f2-a5c9-d2f930e5baa1-1024x1024.jpg 1024w, https:\/\/oasisfm935.com.ar\/site\/wp-content\/uploads\/2020\/08\/47806202-8741-49f2-a5c9-d2f930e5baa1-150x150.jpg 150w, https:\/\/oasisfm935.com.ar\/site\/wp-content\/uploads\/2020\/08\/47806202-8741-49f2-a5c9-d2f930e5baa1-768x768.jpg 768w\" sizes=\"(max-width: 1080px) 100vw, 1080px\" class=\"no-lazyload\" width=\"1080\" height=\"1080\"  style=\"display: inline-block;\" \/><\/div>","protected":false},"excerpt":{"rendered":"<p>Se realizar\u00e1 el Martes 28 de Abril\u00a0 en el hospital local a partir de las 8 horas hasta las 17 horas. Recordamos,<\/p>\n","protected":false},"author":4,"featured_media":4278,"comment_status":"closed","ping_status":"open","sticky":false,"template":"","format":"standard","meta":{"colormag_page_layout":"default_layout","footnotes":""},"categories":[2],"tags":[],"class_list":["post-4378","post","type-post","status-publish","format-standard","has-post-thumbnail","hentry","category-noticias"],"_links":{"self":[{"href":"https:\/\/oasisfm935.com.ar\/site\/wp-json\/wp\/v2\/posts\/4378","targetHints":{"allow":["GET"]}}],"collection":[{"href":"https:\/\/oasisfm935.com.ar\/site\/wp-json\/wp\/v2\/posts"}],"about":[{"href":"https:\/\/oasisfm935.com.ar\/site\/wp-json\/wp\/v2\/types\/post"}],"author":[{"embeddable":true,"href":"https:\/\/oasisfm935.com.ar\/site\/wp-json\/wp\/v2\/users\/4"}],"replies":[{"embeddable":true,"href":"https:\/\/oasisfm935.com.ar\/site\/wp-json\/wp\/v2\/comments?post=4378"}],"version-history":[{"count":1,"href":"https:\/\/oasisfm935.com.ar\/site\/wp-json\/wp\/v2\/posts\/4378\/revisions"}],"predecessor-version":[{"id":4379,"href":"https:\/\/oasisfm935.com.ar\/site\/wp-json\/wp\/v2\/posts\/4378\/revisions\/4379"}],"wp:featuredmedia":[{"embeddable":true,"href":"https:\/\/oasisfm935.com.ar\/site\/wp-json\/wp\/v2\/media\/4278"}],"wp:attachment":[{"href":"https:\/\/oasisfm935.com.ar\/site\/wp-json\/wp\/v2\/media?parent=4378"}],"wp:term":[{"taxonomy":"category","embeddable":true,"href":"https:\/\/oasisfm935.com.ar\/site\/wp-json\/wp\/v2\/categories?post=4378"},{"taxonomy":"post_tag","embeddable":true,"href":"https:\/\/oasisfm935.com.ar\/site\/wp-json\/wp\/v2\/tags?post=4378"}],"curies":[{"name":"wp","href":"https:\/\/api.w.org\/{rel}","templated":true}]}}