{"id":4383,"date":"2020-04-28T09:57:03","date_gmt":"2020-04-28T12:57:03","guid":{"rendered":"http:\/\/oasisfm935.com\/site\/?p=4383"},"modified":"2020-04-28T09:57:20","modified_gmt":"2020-04-28T12:57:20","slug":"la-piedra-caida-en-la-maruja-produjo-serios-danos-y-hubo-evacuados","status":"publish","type":"post","link":"https:\/\/oasisfm935.com.ar\/site\/la-piedra-caida-en-la-maruja-produjo-serios-danos-y-hubo-evacuados\/","title":{"rendered":"La piedra ca\u00edda en La Maruja produjo serios da\u00f1os y hubo evacuados"},"content":{"rendered":"<p>Se cumpli\u00f3 el alerta por tormentas fuertes en La Maruja anoche. Integrantes del comit\u00e9 de crisis trabajaron toda la noche para ayudar a las familias afectadas.<\/p>\n<p>Zonal Noticias dialog\u00f3 con nuestro corresponsal Horacio Larregui, quien manifest\u00f3 que \u201c<strong>a las 22:30 lleg\u00f3 esta tormenta con piedras del tama\u00f1o de una pelota de tenis.\u00a0 La pedrea dur\u00f3 entre 12 y 15 minutos donde cayeron 30 mm de agua en total\u201d<\/strong><\/p>\n<p><img decoding=\"async\" src=\"https:\/\/scontent.frsa4-1.fna.fbcdn.net\/v\/t1.15752-9\/95607761_851598942012734_3995794176401735680_n.jpg?_nc_cat=101&amp;_nc_sid=b96e70&amp;_nc_eui2=AeFxoMlaRnyHwO7m6GD-nTfhThrqh4nW_jNOGuqHidb-Mxhz_-rKkDwTHaztiS8a2M8&amp;_nc_ohc=44XPF32VVYsAX8U29P-&amp;_nc_ht=scontent.frsa4-1.fna&amp;oh=bfcfb0becbb3ef3aac3e8abae99e5cc9&amp;oe=5ECE7EA2\" \/><\/p>\n<p>La piedra ocasion\u00f3 roturas en los techos de la viviendas que est\u00e1n en la entrada de La Maruja. Esas casas poseen techo de chapas de fibrocemento acanaladas, las cuales fueron perforadas por los impactos de estas piedras, cont\u00f3 el corresponsal.<\/p>\n<p>Producto de esto, personal de la municipalidad en conjunto con bomberos y polic\u00eda, debieron evacuar a varias personas de ese sector.<\/p>\n<p>En varias partes del pueblo, hubo techos perforados, persianas destruidas, tanques rotos. Tambi\u00e9n hubo autos con serios abollones y vidrios rotos.<\/p>\n<p><img decoding=\"async\" src=\"https:\/\/scontent.frsa4-1.fna.fbcdn.net\/v\/t1.15752-9\/95436576_925829911184850_7790032693017706496_n.png?_nc_cat=108&amp;_nc_sid=b96e70&amp;_nc_eui2=AeGwOpUyVsQiTUWMNBQL-Marx_Btkt788r_H8G2S3vzyv2ca2iq4xPzMeTP_v9FXhu8&amp;_nc_ohc=00zejqotMm0AX-2AdoF&amp;_nc_ht=scontent.frsa4-1.fna&amp;oh=da586b2adf2bb1e6235325a67b3b3971&amp;oe=5ECE5E61\" \/><\/p>\n<p>\u00abEn el hotel nos rompi\u00f3 al menos unas 40 tejas y la rotura de los todos\u201d relat\u00f3 Horacio Larregui a Zonal Noticias<\/p>\n<p><strong>En la zona rural, tambi\u00e9n ocasion\u00f3 importantes p\u00e9rdidas en los cultivos, en plena \u00e9poca de cosecha.<\/strong><\/p>\n<p><img decoding=\"async\" src=\"https:\/\/scontent.frsa4-1.fna.fbcdn.net\/v\/t1.15752-9\/94977596_228105931831263_120101944319541248_n.jpg?_nc_cat=103&amp;_nc_sid=b96e70&amp;_nc_eui2=AeEOEcAb1zAKZD7JKeK7SKvED7AgIi5eXUQPsCAiLl5dRBsjM7HsYnfQYXwF_yg9R8A&amp;_nc_ohc=mPvmKLME6_QAX9Dw8KI&amp;_nc_ht=scontent.frsa4-1.fna&amp;oh=fd302dbac09ce8e80cd15c0f2af9fd47&amp;oe=5ECC0895\" \/><\/p>\n<p>El fen\u00f3meno metereol\u00f3gico, anunciado como un alerta por el SMN,\u00a0se registr\u00f3 en varias localidades pampeanas:\u00a0<strong>La Maruja, Winifreda, Anguil, Uriburu, Lonquimay, Miguel Can\u00e9<\/strong>,\u00a0<strong>La Glori<\/strong>a entre otras.<\/p>\n<div class=\"oasis-despues-del-contenido\" id=\"oasis-1978978560\"><img loading=\"lazy\" decoding=\"async\" src=\"https:\/\/oasisfm935.com.ar\/site\/wp-content\/uploads\/2020\/08\/47806202-8741-49f2-a5c9-d2f930e5baa1.jpg\" alt=\"\"  srcset=\"https:\/\/oasisfm935.com.ar\/site\/wp-content\/uploads\/2020\/08\/47806202-8741-49f2-a5c9-d2f930e5baa1.jpg 1080w, https:\/\/oasisfm935.com.ar\/site\/wp-content\/uploads\/2020\/08\/47806202-8741-49f2-a5c9-d2f930e5baa1-300x300.jpg 300w, https:\/\/oasisfm935.com.ar\/site\/wp-content\/uploads\/2020\/08\/47806202-8741-49f2-a5c9-d2f930e5baa1-1024x1024.jpg 1024w, https:\/\/oasisfm935.com.ar\/site\/wp-content\/uploads\/2020\/08\/47806202-8741-49f2-a5c9-d2f930e5baa1-150x150.jpg 150w, https:\/\/oasisfm935.com.ar\/site\/wp-content\/uploads\/2020\/08\/47806202-8741-49f2-a5c9-d2f930e5baa1-768x768.jpg 768w\" sizes=\"(max-width: 1080px) 100vw, 1080px\" class=\"no-lazyload\" width=\"1080\" height=\"1080\"  style=\"display: inline-block;\" \/><\/div>","protected":false},"excerpt":{"rendered":"<p>Se cumpli\u00f3 el alerta por tormentas fuertes en La Maruja anoche. Integrantes del comit\u00e9 de crisis trabajaron toda la noche para ayudar<\/p>\n","protected":false},"author":4,"featured_media":4384,"comment_status":"closed","ping_status":"open","sticky":false,"template":"","format":"standard","meta":{"colormag_page_layout":"default_layout","footnotes":""},"categories":[2],"tags":[],"class_list":["post-4383","post","type-post","status-publish","format-standard","has-post-thumbnail","hentry","category-noticias"],"_links":{"self":[{"href":"https:\/\/oasisfm935.com.ar\/site\/wp-json\/wp\/v2\/posts\/4383","targetHints":{"allow":["GET"]}}],"collection":[{"href":"https:\/\/oasisfm935.com.ar\/site\/wp-json\/wp\/v2\/posts"}],"about":[{"href":"https:\/\/oasisfm935.com.ar\/site\/wp-json\/wp\/v2\/types\/post"}],"author":[{"embeddable":true,"href":"https:\/\/oasisfm935.com.ar\/site\/wp-json\/wp\/v2\/users\/4"}],"replies":[{"embeddable":true,"href":"https:\/\/oasisfm935.com.ar\/site\/wp-json\/wp\/v2\/comments?post=4383"}],"version-history":[{"count":1,"href":"https:\/\/oasisfm935.com.ar\/site\/wp-json\/wp\/v2\/posts\/4383\/revisions"}],"predecessor-version":[{"id":4385,"href":"https:\/\/oasisfm935.com.ar\/site\/wp-json\/wp\/v2\/posts\/4383\/revisions\/4385"}],"wp:featuredmedia":[{"embeddable":true,"href":"https:\/\/oasisfm935.com.ar\/site\/wp-json\/wp\/v2\/media\/4384"}],"wp:attachment":[{"href":"https:\/\/oasisfm935.com.ar\/site\/wp-json\/wp\/v2\/media?parent=4383"}],"wp:term":[{"taxonomy":"category","embeddable":true,"href":"https:\/\/oasisfm935.com.ar\/site\/wp-json\/wp\/v2\/categories?post=4383"},{"taxonomy":"post_tag","embeddable":true,"href":"https:\/\/oasisfm935.com.ar\/site\/wp-json\/wp\/v2\/tags?post=4383"}],"curies":[{"name":"wp","href":"https:\/\/api.w.org\/{rel}","templated":true}]}}