{"id":4398,"date":"2020-04-29T14:15:57","date_gmt":"2020-04-29T17:15:57","guid":{"rendered":"http:\/\/oasisfm935.com\/site\/?p=4398"},"modified":"2020-04-29T14:15:57","modified_gmt":"2020-04-29T17:15:57","slug":"en-la-pampa-ahora-se-puede-realizar-caminatas-recreativas-mira-los-dias-permitidos","status":"publish","type":"post","link":"https:\/\/oasisfm935.com.ar\/site\/en-la-pampa-ahora-se-puede-realizar-caminatas-recreativas-mira-los-dias-permitidos\/","title":{"rendered":"En La Pampa ahora se puede realizar caminatas recreativas: mir\u00e1 los d\u00edas permitidos"},"content":{"rendered":"<p>El mandatario provincial confirm\u00f3 que se podr\u00e1n realizar los d\u00edas s\u00e1bados domingos y feriados de 08.00 a 18.00. La actividad recreativa se podr\u00e1 realizar a partir de \u00e9ste fin de semana aprovechando el feriado del 1 de mayo.<\/p>\n<p>S\u00f3lo se permitir\u00e1 caminatas de 1 hora por d\u00eda pero sin actividad f\u00edsica que demande esfuerzo ya que esto est\u00e1 contraindicado por los profesionales m\u00e9dicos en este tiempo de pandemia.<\/p>\n<p>La nueva excepci\u00f3n fue comunicada hace instantes por el mandatario provincial y de esta manera libera una actividad que tambi\u00e9n en los \u00faltimos d\u00edas hab\u00eda requerida por la gente.<\/p>\n<div class=\"oasis-despues-del-contenido\" id=\"oasis-2722050044\"><img loading=\"lazy\" decoding=\"async\" src=\"https:\/\/oasisfm935.com.ar\/site\/wp-content\/uploads\/2020\/08\/47806202-8741-49f2-a5c9-d2f930e5baa1.jpg\" alt=\"\"  srcset=\"https:\/\/oasisfm935.com.ar\/site\/wp-content\/uploads\/2020\/08\/47806202-8741-49f2-a5c9-d2f930e5baa1.jpg 1080w, https:\/\/oasisfm935.com.ar\/site\/wp-content\/uploads\/2020\/08\/47806202-8741-49f2-a5c9-d2f930e5baa1-300x300.jpg 300w, https:\/\/oasisfm935.com.ar\/site\/wp-content\/uploads\/2020\/08\/47806202-8741-49f2-a5c9-d2f930e5baa1-1024x1024.jpg 1024w, https:\/\/oasisfm935.com.ar\/site\/wp-content\/uploads\/2020\/08\/47806202-8741-49f2-a5c9-d2f930e5baa1-150x150.jpg 150w, https:\/\/oasisfm935.com.ar\/site\/wp-content\/uploads\/2020\/08\/47806202-8741-49f2-a5c9-d2f930e5baa1-768x768.jpg 768w\" sizes=\"(max-width: 1080px) 100vw, 1080px\" class=\"no-lazyload\" width=\"1080\" height=\"1080\"  style=\"display: inline-block;\" \/><\/div>","protected":false},"excerpt":{"rendered":"<p>El mandatario provincial confirm\u00f3 que se podr\u00e1n realizar los d\u00edas s\u00e1bados domingos y feriados de 08.00 a 18.00. La actividad recreativa se<\/p>\n","protected":false},"author":4,"featured_media":4399,"comment_status":"closed","ping_status":"open","sticky":false,"template":"","format":"standard","meta":{"colormag_page_layout":"default_layout","footnotes":""},"categories":[2],"tags":[],"class_list":["post-4398","post","type-post","status-publish","format-standard","has-post-thumbnail","hentry","category-noticias"],"_links":{"self":[{"href":"https:\/\/oasisfm935.com.ar\/site\/wp-json\/wp\/v2\/posts\/4398","targetHints":{"allow":["GET"]}}],"collection":[{"href":"https:\/\/oasisfm935.com.ar\/site\/wp-json\/wp\/v2\/posts"}],"about":[{"href":"https:\/\/oasisfm935.com.ar\/site\/wp-json\/wp\/v2\/types\/post"}],"author":[{"embeddable":true,"href":"https:\/\/oasisfm935.com.ar\/site\/wp-json\/wp\/v2\/users\/4"}],"replies":[{"embeddable":true,"href":"https:\/\/oasisfm935.com.ar\/site\/wp-json\/wp\/v2\/comments?post=4398"}],"version-history":[{"count":1,"href":"https:\/\/oasisfm935.com.ar\/site\/wp-json\/wp\/v2\/posts\/4398\/revisions"}],"predecessor-version":[{"id":4400,"href":"https:\/\/oasisfm935.com.ar\/site\/wp-json\/wp\/v2\/posts\/4398\/revisions\/4400"}],"wp:featuredmedia":[{"embeddable":true,"href":"https:\/\/oasisfm935.com.ar\/site\/wp-json\/wp\/v2\/media\/4399"}],"wp:attachment":[{"href":"https:\/\/oasisfm935.com.ar\/site\/wp-json\/wp\/v2\/media?parent=4398"}],"wp:term":[{"taxonomy":"category","embeddable":true,"href":"https:\/\/oasisfm935.com.ar\/site\/wp-json\/wp\/v2\/categories?post=4398"},{"taxonomy":"post_tag","embeddable":true,"href":"https:\/\/oasisfm935.com.ar\/site\/wp-json\/wp\/v2\/tags?post=4398"}],"curies":[{"name":"wp","href":"https:\/\/api.w.org\/{rel}","templated":true}]}}