{"id":440,"date":"2019-01-23T10:02:37","date_gmt":"2019-01-23T13:02:37","guid":{"rendered":"http:\/\/oasisfm935.com\/site\/?p=440"},"modified":"2019-01-23T10:02:37","modified_gmt":"2019-01-23T13:02:37","slug":"triste-por-primera-vez-abren-un-merendero-para-ninos-en-arata","status":"publish","type":"post","link":"https:\/\/oasisfm935.com.ar\/site\/triste-por-primera-vez-abren-un-merendero-para-ninos-en-arata\/","title":{"rendered":"Triste: por primera vez abren un merendero para ni\u00f1os en Arata"},"content":{"rendered":"<p>\u201cNunca pensamos que \u00edbamos a tener un merendero en Arata, pero la crisis llega a todos lados. Y nosotros desde la comuna ayudamos para que esos 50 chicos que concurren los s\u00e1bados al comedor, puedan tener una buena atenci\u00f3n porque no queremos que nuestros chicos pasen necesidades\u201d, reflexion\u00f3 el intendente de Arata, Henzo Jorge Sosa, a esta corresponsal\u00eda.<\/p>\n<p>&nbsp;<\/p>\n<p>As\u00ed confirm\u00f3 que la crisis econ\u00f3mica se propaga a lo largo y ancho del pa\u00eds, y si bien siempre se pone \u00e9nfasis en las grandes urbes, en las peque\u00f1as localidades -en este caso en La Pampa- tambi\u00e9n existen familias con problemas para llegar a fin de mes, o lo que es peor: no alcanzan a alimentar a sus hijos.<br \/>\nUna iglesia evang\u00e9lica abri\u00f3 -meses atr\u00e1s- un comedor donde -los s\u00e1bados- concurren medio centenar de ni\u00f1os de la comunidad aratense. \u201cEsta gente hace un trabajo extraordinario\u201d, destac\u00f3 Sosa.<br \/>\n\u201cNosotros brindamos ayuda para este comedor para los chicos carentes de recursos, porque tratamos que no existan necesidades en los ni\u00f1os de nuestra localidad. Y la realidad es que parec\u00eda que nunca m\u00e1s \u00edbamos tener que vivir esta situaci\u00f3n, y pens\u00e1bamos que nunca \u00edbamos a tener un merendero en esta localidad\u201d, reconoci\u00f3 el mandatario norte\u00f1o.<br \/>\nLa comuna tambi\u00e9n reforz\u00f3 las bolsas alimentarias para contener la creciente demanda social durante la temporada estival, porque los ni\u00f1os que almuerzan -durante el ciclo lectivo- en la escuela de jornada completa ahora se deben alimentar en las viviendas familiares.<br \/>\n\u201cNosotros tenemos una escuela de jornada completa, donde los alumnos almuerzan durante el periodo escolar, pero en verano tuvimos que reforzar las bolsas alimentarias de algunas familias m\u00e1s carenciadas para que puedan alimentar adecuadamente a sus hijos\u201d, explic\u00f3 Sosa.<\/p>\n<p>\u201cPor la cornisa\u201d.<br \/>\nEl mandatario comunal de Arata evalu\u00f3 que en la situaci\u00f3n econ\u00f3mica actual \u201cvamos caminando sobre la cornisa\u201d, porque no se avizoran mejoras en la marcha de la pol\u00edtica financiera.<br \/>\n\u201cLa inflaci\u00f3n nos va comiendo los recursos, y la situaci\u00f3n social es muy preocupante donde tenemos que asistir a familias que tienen muy bajos ingresos, dado que los tarifazos incluso provocan que tengamos que colaborar para que algunas familias puedan pagar el servicio de energ\u00eda el\u00e9ctrica\u201d, indic\u00f3.<\/p>\n<p>\u201cUn verano distinto\u201d<br \/>\nEl jefe comunal aratense plante\u00f3 que se est\u00e1 atravesando \u201cun verano distinto y el a\u00f1o comenz\u00f3 m\u00e1s agitado. Estamos en la etapa final de la construcci\u00f3n de once viviendas y tambi\u00e9n estamos finalizando los desag\u00fces y canaletas\u201d, dijo Sosa.<br \/>\nPor estos d\u00edas \u201cestamos averiguando precios porque hay que averiguar bastante porque asustan los n\u00fameros, y el dinero que recibimos (del IPAV) no fue tanto para construir las casas\u201d, reconoci\u00f3 Sosa; y anticip\u00f3 que en el lapso \u201cde veinte d\u00edas o un mes estar\u00edan finalizadas las viviendas\u201d.<br \/>\nEl Plan \u201cMi Casa\u201d incluye la construcci\u00f3n de diez viviendas: seis casas est\u00e1n avanzadas y las otras \u201cun poco m\u00e1s retrasadas\u201d. Y una vivienda se construye con aportes municipales.<br \/>\n\u201cPara la construcci\u00f3n de casas, todo lo que pudimos lo compramos en el pueblo y gener\u00f3 un importante movimiento en nuestra econom\u00eda local, y tambi\u00e9n gener\u00f3 mano de obra porque trabajaron los alba\u00f1iles locales. Y cuando terminemos estas casas pretendemos hacer un nuevo convenio con el IPAV para construir otras 10 \u00f3 12 casas, que ser\u00edan lo que nos est\u00e1n faltando en estos momentos y para lo cual tenemos los terrenos necesarios\u201d, anticip\u00f3 Sosa.<\/p>\n<p>Fuente : Diario La Arena<\/p>\n<div class=\"oasis-despues-del-contenido\" id=\"oasis-3389284541\"><img loading=\"lazy\" decoding=\"async\" src=\"https:\/\/oasisfm935.com.ar\/site\/wp-content\/uploads\/2020\/08\/47806202-8741-49f2-a5c9-d2f930e5baa1.jpg\" alt=\"\"  srcset=\"https:\/\/oasisfm935.com.ar\/site\/wp-content\/uploads\/2020\/08\/47806202-8741-49f2-a5c9-d2f930e5baa1.jpg 1080w, https:\/\/oasisfm935.com.ar\/site\/wp-content\/uploads\/2020\/08\/47806202-8741-49f2-a5c9-d2f930e5baa1-300x300.jpg 300w, https:\/\/oasisfm935.com.ar\/site\/wp-content\/uploads\/2020\/08\/47806202-8741-49f2-a5c9-d2f930e5baa1-1024x1024.jpg 1024w, https:\/\/oasisfm935.com.ar\/site\/wp-content\/uploads\/2020\/08\/47806202-8741-49f2-a5c9-d2f930e5baa1-150x150.jpg 150w, https:\/\/oasisfm935.com.ar\/site\/wp-content\/uploads\/2020\/08\/47806202-8741-49f2-a5c9-d2f930e5baa1-768x768.jpg 768w\" sizes=\"(max-width: 1080px) 100vw, 1080px\" class=\"no-lazyload\" width=\"1080\" height=\"1080\"  style=\"display: inline-block;\" \/><\/div>","protected":false},"excerpt":{"rendered":"<p>\u201cNunca pensamos que \u00edbamos a tener un merendero en Arata, pero la crisis llega a todos lados. Y nosotros desde la comuna<\/p>\n","protected":false},"author":4,"featured_media":441,"comment_status":"closed","ping_status":"open","sticky":false,"template":"","format":"standard","meta":{"colormag_page_layout":"default_layout","footnotes":""},"categories":[3],"tags":[],"class_list":["post-440","post","type-post","status-publish","format-standard","has-post-thumbnail","hentry","category-avisos"],"_links":{"self":[{"href":"https:\/\/oasisfm935.com.ar\/site\/wp-json\/wp\/v2\/posts\/440","targetHints":{"allow":["GET"]}}],"collection":[{"href":"https:\/\/oasisfm935.com.ar\/site\/wp-json\/wp\/v2\/posts"}],"about":[{"href":"https:\/\/oasisfm935.com.ar\/site\/wp-json\/wp\/v2\/types\/post"}],"author":[{"embeddable":true,"href":"https:\/\/oasisfm935.com.ar\/site\/wp-json\/wp\/v2\/users\/4"}],"replies":[{"embeddable":true,"href":"https:\/\/oasisfm935.com.ar\/site\/wp-json\/wp\/v2\/comments?post=440"}],"version-history":[{"count":1,"href":"https:\/\/oasisfm935.com.ar\/site\/wp-json\/wp\/v2\/posts\/440\/revisions"}],"predecessor-version":[{"id":442,"href":"https:\/\/oasisfm935.com.ar\/site\/wp-json\/wp\/v2\/posts\/440\/revisions\/442"}],"wp:featuredmedia":[{"embeddable":true,"href":"https:\/\/oasisfm935.com.ar\/site\/wp-json\/wp\/v2\/media\/441"}],"wp:attachment":[{"href":"https:\/\/oasisfm935.com.ar\/site\/wp-json\/wp\/v2\/media?parent=440"}],"wp:term":[{"taxonomy":"category","embeddable":true,"href":"https:\/\/oasisfm935.com.ar\/site\/wp-json\/wp\/v2\/categories?post=440"},{"taxonomy":"post_tag","embeddable":true,"href":"https:\/\/oasisfm935.com.ar\/site\/wp-json\/wp\/v2\/tags?post=440"}],"curies":[{"name":"wp","href":"https:\/\/api.w.org\/{rel}","templated":true}]}}