{"id":4402,"date":"2020-04-29T15:03:56","date_gmt":"2020-04-29T18:03:56","guid":{"rendered":"http:\/\/oasisfm935.com\/site\/?p=4402"},"modified":"2020-04-29T15:08:24","modified_gmt":"2020-04-29T18:08:24","slug":"coronavirus-en-la-pampa-autorizan-a-abrir-a-casi-todos-los-comerciantes-y-a-profesionales-liberales","status":"publish","type":"post","link":"https:\/\/oasisfm935.com.ar\/site\/coronavirus-en-la-pampa-autorizan-a-abrir-a-casi-todos-los-comerciantes-y-a-profesionales-liberales\/","title":{"rendered":"Coronavirus en La Pampa: autorizan a abrir a casi todos los comerciantes y a profesionales liberales"},"content":{"rendered":"<p>El\u00a0<strong>Gobierno provincial<\/strong>\u00a0decidi\u00f3, desde el lunes 4 de mayo,\u00a0<strong>una fuerte apertura de la cuarentena<\/strong>\u00a0en La Pampa. El Comit\u00e9 de Crisis, encabezado por el gobernador\u00a0<strong>Sergio Ziliotto<\/strong>, autoriz\u00f3 a que puedan abrir casi todos los<strong>\u00a0comercios con atenci\u00f3n al p\u00fablico durante la tarde<\/strong> y habilit\u00f3, tambi\u00e9n, los trabajos del personal dom\u00e9stico, de los peluqueros y de los profesionales liberales como abogados, martilleros, arquitectos, escribanos, psic\u00f3logos, psicopedagogos y contadores.<\/p>\n<p><strong>\u00abVamos a avanzar en una cuarentena focalizada, a partir de la administraci\u00f3n de d\u00edas y horarios\u00bb<\/strong>, dijo el gobernador en conferencia de prensa, al mediod\u00eda, desde Casa de Gobierno.\u00a0<strong>\u00a0\u00abApelamos a la responsabilidad social. No tiremos por la borda todo el esfuerzo que hemos hecho\u00bb, dijo.<\/strong><\/p>\n<p>Las nuevas excepciones, subray\u00f3, \u201cson de car\u00e1cter transitorio\u201d y est\u00e1n sujeta a los cambios que se registren en el status epidemiol\u00f3gico de la Provincia. \u201cSi todo sigue como hasta ahora, sostendremos la actividad, sino retrotraeremos la medida\u201d, asegur\u00f3.<\/p>\n<p>Todas las actividades que se pondr\u00e1n en marcha se van a desarrollar, principalmente, en horarios de la tarde, dijo el mandatario. \u00bfPor qu\u00e9?\u00a0<strong>Para evitar la aglomeraci\u00f3n de personas a la ma\u00f1ana, que es cuando se realizan tr\u00e1mites bancarios y se habilitan los centros de pagos.\u00a0<\/strong><\/p>\n<p><strong>El servicio dom\u00e9stico, dijo, se habilit\u00f3 de 8 a 18 horas. Y las profesiones liberales, por la tarde y por turno; y las peluquer\u00edas, por la tarde y tambi\u00e9n por turno.<\/strong><\/p>\n<p>Tambi\u00e9n hizo anuncios para los comercios. \u00abHa sido uno de los m\u00e1s perjudicados\u00bb, dijo.\u00a0<strong>\u00abDe 14 a 18 horas, absolutamente todos los comercios podr\u00e1n abrir con atenci\u00f3n al p\u00fablico. Estar\u00e1n sujetos a protocolos de seguridad y no invalida las autorizaciones que ten\u00edan, hasta el momento, para hacer ventas online o telef\u00f3nicas\u00bb<\/strong>, dijo.<\/p>\n<p>De todas maneras se mantendr\u00e1n la prohibici\u00f3n los rubros con alta concentraci\u00f3n de personas: no se podr\u00e1n abrir casas de juego, peloteros, restoranes y gimnasios.<\/p>\n<p>&nbsp;<\/p>\n<div class=\"oasis-despues-del-contenido\" id=\"oasis-657421517\"><img loading=\"lazy\" decoding=\"async\" src=\"https:\/\/oasisfm935.com.ar\/site\/wp-content\/uploads\/2020\/08\/47806202-8741-49f2-a5c9-d2f930e5baa1.jpg\" alt=\"\"  srcset=\"https:\/\/oasisfm935.com.ar\/site\/wp-content\/uploads\/2020\/08\/47806202-8741-49f2-a5c9-d2f930e5baa1.jpg 1080w, https:\/\/oasisfm935.com.ar\/site\/wp-content\/uploads\/2020\/08\/47806202-8741-49f2-a5c9-d2f930e5baa1-300x300.jpg 300w, https:\/\/oasisfm935.com.ar\/site\/wp-content\/uploads\/2020\/08\/47806202-8741-49f2-a5c9-d2f930e5baa1-1024x1024.jpg 1024w, https:\/\/oasisfm935.com.ar\/site\/wp-content\/uploads\/2020\/08\/47806202-8741-49f2-a5c9-d2f930e5baa1-150x150.jpg 150w, https:\/\/oasisfm935.com.ar\/site\/wp-content\/uploads\/2020\/08\/47806202-8741-49f2-a5c9-d2f930e5baa1-768x768.jpg 768w\" sizes=\"(max-width: 1080px) 100vw, 1080px\" class=\"no-lazyload\" width=\"1080\" height=\"1080\"  style=\"display: inline-block;\" \/><\/div>","protected":false},"excerpt":{"rendered":"<p>El\u00a0Gobierno provincial\u00a0decidi\u00f3, desde el lunes 4 de mayo,\u00a0una fuerte apertura de la cuarentena\u00a0en La Pampa. El Comit\u00e9 de Crisis, encabezado por el<\/p>\n","protected":false},"author":4,"featured_media":4403,"comment_status":"closed","ping_status":"open","sticky":false,"template":"","format":"standard","meta":{"colormag_page_layout":"default_layout","footnotes":""},"categories":[2],"tags":[],"class_list":["post-4402","post","type-post","status-publish","format-standard","has-post-thumbnail","hentry","category-noticias"],"_links":{"self":[{"href":"https:\/\/oasisfm935.com.ar\/site\/wp-json\/wp\/v2\/posts\/4402","targetHints":{"allow":["GET"]}}],"collection":[{"href":"https:\/\/oasisfm935.com.ar\/site\/wp-json\/wp\/v2\/posts"}],"about":[{"href":"https:\/\/oasisfm935.com.ar\/site\/wp-json\/wp\/v2\/types\/post"}],"author":[{"embeddable":true,"href":"https:\/\/oasisfm935.com.ar\/site\/wp-json\/wp\/v2\/users\/4"}],"replies":[{"embeddable":true,"href":"https:\/\/oasisfm935.com.ar\/site\/wp-json\/wp\/v2\/comments?post=4402"}],"version-history":[{"count":3,"href":"https:\/\/oasisfm935.com.ar\/site\/wp-json\/wp\/v2\/posts\/4402\/revisions"}],"predecessor-version":[{"id":4406,"href":"https:\/\/oasisfm935.com.ar\/site\/wp-json\/wp\/v2\/posts\/4402\/revisions\/4406"}],"wp:featuredmedia":[{"embeddable":true,"href":"https:\/\/oasisfm935.com.ar\/site\/wp-json\/wp\/v2\/media\/4403"}],"wp:attachment":[{"href":"https:\/\/oasisfm935.com.ar\/site\/wp-json\/wp\/v2\/media?parent=4402"}],"wp:term":[{"taxonomy":"category","embeddable":true,"href":"https:\/\/oasisfm935.com.ar\/site\/wp-json\/wp\/v2\/categories?post=4402"},{"taxonomy":"post_tag","embeddable":true,"href":"https:\/\/oasisfm935.com.ar\/site\/wp-json\/wp\/v2\/tags?post=4402"}],"curies":[{"name":"wp","href":"https:\/\/api.w.org\/{rel}","templated":true}]}}