{"id":4408,"date":"2020-04-29T16:52:16","date_gmt":"2020-04-29T19:52:16","guid":{"rendered":"http:\/\/oasisfm935.com\/site\/?p=4408"},"modified":"2020-04-29T16:52:16","modified_gmt":"2020-04-29T19:52:16","slug":"ingeniero-luiggi-el-concejo-deliberante-no-pudo-sesionar-por-el-colapso-del-sistema-de-conferencias-virtuales","status":"publish","type":"post","link":"https:\/\/oasisfm935.com.ar\/site\/ingeniero-luiggi-el-concejo-deliberante-no-pudo-sesionar-por-el-colapso-del-sistema-de-conferencias-virtuales\/","title":{"rendered":"Ingeniero Luiggi : El concejo Deliberante no pudo sesionar por el colapso del sistema de conferencias virtuales ."},"content":{"rendered":"<p>As\u00ed lo confirm\u00f3 en la ma\u00f1ana del Show de la radio el presidente del Concejo Delibrente Juan Jose Gorordo.<\/p>\n<p>&nbsp;<\/p>\n<p>No se pudo sesionar por que no\u00a0hubo quorum,\u00a0ya que una concejala por problemas personales no pudo asistir.\u00a0Adem\u00e1s los tres concejales mayores de 60 a\u00f1os por problema de conectividad no pudieron sesionar, y no pod\u00edan seguir la conversaci\u00f3n, es\u00a0algo para\u00a0rever para la pr\u00f3xima sesi\u00f3n y si no se buscara la forma de hacerlo o la forma habitual en estos casos es licenciando a estos mayores.<\/p>\n<p>&nbsp;<\/p>\n<p><a href=\"http:\/\/oasisfm935.com\/site\/wp-content\/uploads\/2020\/04\/95410061_176999353478306_6419190672435183616_n.jpg\"><img loading=\"lazy\" decoding=\"async\" class=\"alignnone size-full wp-image-4410\" src=\"http:\/\/oasisfm935.com\/site\/wp-content\/uploads\/2020\/04\/95410061_176999353478306_6419190672435183616_n.jpg\" alt=\"\" width=\"960\" height=\"467\" srcset=\"https:\/\/oasisfm935.com.ar\/site\/wp-content\/uploads\/2020\/04\/95410061_176999353478306_6419190672435183616_n.jpg 960w, https:\/\/oasisfm935.com.ar\/site\/wp-content\/uploads\/2020\/04\/95410061_176999353478306_6419190672435183616_n-300x146.jpg 300w, https:\/\/oasisfm935.com.ar\/site\/wp-content\/uploads\/2020\/04\/95410061_176999353478306_6419190672435183616_n-768x374.jpg 768w\" sizes=\"auto, (max-width: 960px) 100vw, 960px\" \/><\/a><\/p>\n<div class=\"oasis-despues-del-contenido\" id=\"oasis-2772681078\"><img loading=\"lazy\" decoding=\"async\" src=\"https:\/\/oasisfm935.com.ar\/site\/wp-content\/uploads\/2020\/08\/47806202-8741-49f2-a5c9-d2f930e5baa1.jpg\" alt=\"\"  srcset=\"https:\/\/oasisfm935.com.ar\/site\/wp-content\/uploads\/2020\/08\/47806202-8741-49f2-a5c9-d2f930e5baa1.jpg 1080w, https:\/\/oasisfm935.com.ar\/site\/wp-content\/uploads\/2020\/08\/47806202-8741-49f2-a5c9-d2f930e5baa1-300x300.jpg 300w, https:\/\/oasisfm935.com.ar\/site\/wp-content\/uploads\/2020\/08\/47806202-8741-49f2-a5c9-d2f930e5baa1-1024x1024.jpg 1024w, https:\/\/oasisfm935.com.ar\/site\/wp-content\/uploads\/2020\/08\/47806202-8741-49f2-a5c9-d2f930e5baa1-150x150.jpg 150w, https:\/\/oasisfm935.com.ar\/site\/wp-content\/uploads\/2020\/08\/47806202-8741-49f2-a5c9-d2f930e5baa1-768x768.jpg 768w\" sizes=\"(max-width: 1080px) 100vw, 1080px\" class=\"no-lazyload\" width=\"1080\" height=\"1080\"  style=\"display: inline-block;\" \/><\/div>","protected":false},"excerpt":{"rendered":"<p>As\u00ed lo confirm\u00f3 en la ma\u00f1ana del Show de la radio el presidente del Concejo Delibrente Juan Jose Gorordo. &nbsp; No se<\/p>\n","protected":false},"author":4,"featured_media":4409,"comment_status":"closed","ping_status":"open","sticky":false,"template":"","format":"standard","meta":{"colormag_page_layout":"default_layout","footnotes":""},"categories":[2],"tags":[],"class_list":["post-4408","post","type-post","status-publish","format-standard","has-post-thumbnail","hentry","category-noticias"],"_links":{"self":[{"href":"https:\/\/oasisfm935.com.ar\/site\/wp-json\/wp\/v2\/posts\/4408","targetHints":{"allow":["GET"]}}],"collection":[{"href":"https:\/\/oasisfm935.com.ar\/site\/wp-json\/wp\/v2\/posts"}],"about":[{"href":"https:\/\/oasisfm935.com.ar\/site\/wp-json\/wp\/v2\/types\/post"}],"author":[{"embeddable":true,"href":"https:\/\/oasisfm935.com.ar\/site\/wp-json\/wp\/v2\/users\/4"}],"replies":[{"embeddable":true,"href":"https:\/\/oasisfm935.com.ar\/site\/wp-json\/wp\/v2\/comments?post=4408"}],"version-history":[{"count":1,"href":"https:\/\/oasisfm935.com.ar\/site\/wp-json\/wp\/v2\/posts\/4408\/revisions"}],"predecessor-version":[{"id":4411,"href":"https:\/\/oasisfm935.com.ar\/site\/wp-json\/wp\/v2\/posts\/4408\/revisions\/4411"}],"wp:featuredmedia":[{"embeddable":true,"href":"https:\/\/oasisfm935.com.ar\/site\/wp-json\/wp\/v2\/media\/4409"}],"wp:attachment":[{"href":"https:\/\/oasisfm935.com.ar\/site\/wp-json\/wp\/v2\/media?parent=4408"}],"wp:term":[{"taxonomy":"category","embeddable":true,"href":"https:\/\/oasisfm935.com.ar\/site\/wp-json\/wp\/v2\/categories?post=4408"},{"taxonomy":"post_tag","embeddable":true,"href":"https:\/\/oasisfm935.com.ar\/site\/wp-json\/wp\/v2\/tags?post=4408"}],"curies":[{"name":"wp","href":"https:\/\/api.w.org\/{rel}","templated":true}]}}