{"id":4414,"date":"2020-04-30T09:16:15","date_gmt":"2020-04-30T12:16:15","guid":{"rendered":"http:\/\/oasisfm935.com\/site\/?p=4414"},"modified":"2020-04-30T09:39:16","modified_gmt":"2020-04-30T12:39:16","slug":"ingeniero-luiggi-segundo-demorado-quien-reconocio-la-autoria-del-robo-en-la-cantina-de-costa","status":"publish","type":"post","link":"https:\/\/oasisfm935.com.ar\/site\/ingeniero-luiggi-segundo-demorado-quien-reconocio-la-autoria-del-robo-en-la-cantina-de-costa\/","title":{"rendered":"Ingeniero Luiggi : Segundo demorado quien reconoci\u00f3 la autor\u00eda  del robo en la cantina de Costa ."},"content":{"rendered":"<p>En horas de la tarde de ayer mi\u00e9rcoles 29 y siguiendo con las investigaciones que el personal policial de la Comisar\u00eda Departamental de Ingeniero Luiggi sigui\u00f3 realizando en torno al hecho il\u00edcito perpetrado en perjuicio de la Cantina del Club Costar Brava .<\/p>\n<p>De \u00e9ste medio, se pudo lograr establecer la identidad y proceder a la demora de un segundo involucrado, quien en sede policial reconoci\u00f3 la autor\u00eda del hecho junto a su c\u00f3mplice, haciendo entrega de algunos otros elementos que se hallaban en su poder y que hab\u00edan sido sustra\u00eddos de dicha Instituci\u00f3n. Como consecuencia de ello se\u00a0 logro el secuestro de llaves de mano tales como (tenaza, francesa, alicate y destornillador) y una multiprocesadora. En consecuencia y siguiendo las directivas de la Fiscal\u00eda de Delitos contra la Propiedad de la Segunda Circunscripci\u00f3n Judicial con asiento en la ciudad de General Pico, a cargo de la Dra Ver\u00f3nica CAMPO.<\/p>\n<p><a href=\"http:\/\/oasisfm935.com\/site\/wp-content\/uploads\/2020\/04\/8af91306-4275-45c1-ab87-7c0036e40ee4.jpg\"><img loading=\"lazy\" decoding=\"async\" class=\"alignnone size-full wp-image-4416\" src=\"http:\/\/oasisfm935.com\/site\/wp-content\/uploads\/2020\/04\/8af91306-4275-45c1-ab87-7c0036e40ee4.jpg\" alt=\"\" width=\"1032\" height=\"774\" srcset=\"https:\/\/oasisfm935.com.ar\/site\/wp-content\/uploads\/2020\/04\/8af91306-4275-45c1-ab87-7c0036e40ee4.jpg 1032w, https:\/\/oasisfm935.com.ar\/site\/wp-content\/uploads\/2020\/04\/8af91306-4275-45c1-ab87-7c0036e40ee4-300x225.jpg 300w, https:\/\/oasisfm935.com.ar\/site\/wp-content\/uploads\/2020\/04\/8af91306-4275-45c1-ab87-7c0036e40ee4-1024x768.jpg 1024w, https:\/\/oasisfm935.com.ar\/site\/wp-content\/uploads\/2020\/04\/8af91306-4275-45c1-ab87-7c0036e40ee4-768x576.jpg 768w, https:\/\/oasisfm935.com.ar\/site\/wp-content\/uploads\/2020\/04\/8af91306-4275-45c1-ab87-7c0036e40ee4-678x509.jpg 678w, https:\/\/oasisfm935.com.ar\/site\/wp-content\/uploads\/2020\/04\/8af91306-4275-45c1-ab87-7c0036e40ee4-326x245.jpg 326w, https:\/\/oasisfm935.com.ar\/site\/wp-content\/uploads\/2020\/04\/8af91306-4275-45c1-ab87-7c0036e40ee4-80x60.jpg 80w\" sizes=\"auto, (max-width: 1032px) 100vw, 1032px\" \/><\/a><\/p>\n<p>se procedi\u00f3 a la notificaci\u00f3n de ambos imputados en las actuaciones caratuladas como supuesto ROBO. Los elementos secuestrados en su totalidad fueron reconocidos por\u00a0 su propietario y entregados al mismo.-<\/p>\n<p>Los elementos secuestrados en su totalidad fueron reconocidos por su propietario y entregados al mismo.-<\/p>\n<p>&nbsp;<\/p>\n<p>&nbsp;<\/p>\n<div class=\"oasis-despues-del-contenido\" id=\"oasis-1707183019\"><img loading=\"lazy\" decoding=\"async\" src=\"https:\/\/oasisfm935.com.ar\/site\/wp-content\/uploads\/2020\/08\/47806202-8741-49f2-a5c9-d2f930e5baa1.jpg\" alt=\"\"  srcset=\"https:\/\/oasisfm935.com.ar\/site\/wp-content\/uploads\/2020\/08\/47806202-8741-49f2-a5c9-d2f930e5baa1.jpg 1080w, https:\/\/oasisfm935.com.ar\/site\/wp-content\/uploads\/2020\/08\/47806202-8741-49f2-a5c9-d2f930e5baa1-300x300.jpg 300w, https:\/\/oasisfm935.com.ar\/site\/wp-content\/uploads\/2020\/08\/47806202-8741-49f2-a5c9-d2f930e5baa1-1024x1024.jpg 1024w, https:\/\/oasisfm935.com.ar\/site\/wp-content\/uploads\/2020\/08\/47806202-8741-49f2-a5c9-d2f930e5baa1-150x150.jpg 150w, https:\/\/oasisfm935.com.ar\/site\/wp-content\/uploads\/2020\/08\/47806202-8741-49f2-a5c9-d2f930e5baa1-768x768.jpg 768w\" sizes=\"(max-width: 1080px) 100vw, 1080px\" class=\"no-lazyload\" width=\"1080\" height=\"1080\"  style=\"display: inline-block;\" \/><\/div>","protected":false},"excerpt":{"rendered":"<p>En horas de la tarde de ayer mi\u00e9rcoles 29 y siguiendo con las investigaciones que el personal policial de la Comisar\u00eda Departamental<\/p>\n","protected":false},"author":4,"featured_media":4415,"comment_status":"closed","ping_status":"open","sticky":false,"template":"","format":"standard","meta":{"colormag_page_layout":"default_layout","footnotes":""},"categories":[2],"tags":[],"class_list":["post-4414","post","type-post","status-publish","format-standard","has-post-thumbnail","hentry","category-noticias"],"_links":{"self":[{"href":"https:\/\/oasisfm935.com.ar\/site\/wp-json\/wp\/v2\/posts\/4414","targetHints":{"allow":["GET"]}}],"collection":[{"href":"https:\/\/oasisfm935.com.ar\/site\/wp-json\/wp\/v2\/posts"}],"about":[{"href":"https:\/\/oasisfm935.com.ar\/site\/wp-json\/wp\/v2\/types\/post"}],"author":[{"embeddable":true,"href":"https:\/\/oasisfm935.com.ar\/site\/wp-json\/wp\/v2\/users\/4"}],"replies":[{"embeddable":true,"href":"https:\/\/oasisfm935.com.ar\/site\/wp-json\/wp\/v2\/comments?post=4414"}],"version-history":[{"count":2,"href":"https:\/\/oasisfm935.com.ar\/site\/wp-json\/wp\/v2\/posts\/4414\/revisions"}],"predecessor-version":[{"id":4418,"href":"https:\/\/oasisfm935.com.ar\/site\/wp-json\/wp\/v2\/posts\/4414\/revisions\/4418"}],"wp:featuredmedia":[{"embeddable":true,"href":"https:\/\/oasisfm935.com.ar\/site\/wp-json\/wp\/v2\/media\/4415"}],"wp:attachment":[{"href":"https:\/\/oasisfm935.com.ar\/site\/wp-json\/wp\/v2\/media?parent=4414"}],"wp:term":[{"taxonomy":"category","embeddable":true,"href":"https:\/\/oasisfm935.com.ar\/site\/wp-json\/wp\/v2\/categories?post=4414"},{"taxonomy":"post_tag","embeddable":true,"href":"https:\/\/oasisfm935.com.ar\/site\/wp-json\/wp\/v2\/tags?post=4414"}],"curies":[{"name":"wp","href":"https:\/\/api.w.org\/{rel}","templated":true}]}}