{"id":4419,"date":"2020-04-30T11:02:57","date_gmt":"2020-04-30T14:02:57","guid":{"rendered":"http:\/\/oasisfm935.com\/site\/?p=4419"},"modified":"2020-04-30T11:03:36","modified_gmt":"2020-04-30T14:03:36","slug":"ing-luiggi-por-comer-un-asado-entre-amigos-rompieron-la-cuarentena","status":"publish","type":"post","link":"https:\/\/oasisfm935.com.ar\/site\/ing-luiggi-por-comer-un-asado-entre-amigos-rompieron-la-cuarentena\/","title":{"rendered":"Ing. Luiggi: Por comer un asado entre amigos rompieron la cuarentena"},"content":{"rendered":"<p>Son 5 personas fueron notificadas judicialmente por incumplir el aislamiento social y preventivo por Covid-19.<\/p>\n<p>ayer, en momentos en que el personal policial efectuaba patrullajes de rutina, se logro establecer sobre el sector SURESTE, en un domicilio particular la presencia de algunas personas que se hallaban predispuestos para comer un asado.<\/p>\n<p>Al entrevistarse con los mismos se logro establecer que dos de los presentes no eran de ese inmueble, en tanto que tres restantes s\u00ed habitaban dicha morada y eran de una misma familia.<\/p>\n<p>Al no estar respetando el aislamiento social preventivo y obligatorio que se halla en vigencia en nuestro pa\u00eds, es que se los notifico a los 5 involucrados del inicio de las actuaciones\u00a0 judiciales por Infracci\u00f3n a los Art\u00edculos 205 y 239 del C\u00f3digo Penal, de la cual toma intervenci\u00f3n el Ministerio Publico Fiscal de General Pico, procedi\u00e9ndose a la desconcentraci\u00f3n de los presentes.-<\/p>\n<div class=\"oasis-despues-del-contenido\" id=\"oasis-931413037\"><img loading=\"lazy\" decoding=\"async\" src=\"https:\/\/oasisfm935.com.ar\/site\/wp-content\/uploads\/2020\/08\/47806202-8741-49f2-a5c9-d2f930e5baa1.jpg\" alt=\"\"  srcset=\"https:\/\/oasisfm935.com.ar\/site\/wp-content\/uploads\/2020\/08\/47806202-8741-49f2-a5c9-d2f930e5baa1.jpg 1080w, https:\/\/oasisfm935.com.ar\/site\/wp-content\/uploads\/2020\/08\/47806202-8741-49f2-a5c9-d2f930e5baa1-300x300.jpg 300w, https:\/\/oasisfm935.com.ar\/site\/wp-content\/uploads\/2020\/08\/47806202-8741-49f2-a5c9-d2f930e5baa1-1024x1024.jpg 1024w, https:\/\/oasisfm935.com.ar\/site\/wp-content\/uploads\/2020\/08\/47806202-8741-49f2-a5c9-d2f930e5baa1-150x150.jpg 150w, https:\/\/oasisfm935.com.ar\/site\/wp-content\/uploads\/2020\/08\/47806202-8741-49f2-a5c9-d2f930e5baa1-768x768.jpg 768w\" sizes=\"(max-width: 1080px) 100vw, 1080px\" class=\"no-lazyload\" width=\"1080\" height=\"1080\"  style=\"display: inline-block;\" \/><\/div>","protected":false},"excerpt":{"rendered":"<p>Son 5 personas fueron notificadas judicialmente por incumplir el aislamiento social y preventivo por Covid-19. ayer, en momentos en que el personal<\/p>\n","protected":false},"author":4,"featured_media":4420,"comment_status":"closed","ping_status":"open","sticky":false,"template":"","format":"standard","meta":{"colormag_page_layout":"default_layout","footnotes":""},"categories":[2],"tags":[],"class_list":["post-4419","post","type-post","status-publish","format-standard","has-post-thumbnail","hentry","category-noticias"],"_links":{"self":[{"href":"https:\/\/oasisfm935.com.ar\/site\/wp-json\/wp\/v2\/posts\/4419","targetHints":{"allow":["GET"]}}],"collection":[{"href":"https:\/\/oasisfm935.com.ar\/site\/wp-json\/wp\/v2\/posts"}],"about":[{"href":"https:\/\/oasisfm935.com.ar\/site\/wp-json\/wp\/v2\/types\/post"}],"author":[{"embeddable":true,"href":"https:\/\/oasisfm935.com.ar\/site\/wp-json\/wp\/v2\/users\/4"}],"replies":[{"embeddable":true,"href":"https:\/\/oasisfm935.com.ar\/site\/wp-json\/wp\/v2\/comments?post=4419"}],"version-history":[{"count":1,"href":"https:\/\/oasisfm935.com.ar\/site\/wp-json\/wp\/v2\/posts\/4419\/revisions"}],"predecessor-version":[{"id":4421,"href":"https:\/\/oasisfm935.com.ar\/site\/wp-json\/wp\/v2\/posts\/4419\/revisions\/4421"}],"wp:featuredmedia":[{"embeddable":true,"href":"https:\/\/oasisfm935.com.ar\/site\/wp-json\/wp\/v2\/media\/4420"}],"wp:attachment":[{"href":"https:\/\/oasisfm935.com.ar\/site\/wp-json\/wp\/v2\/media?parent=4419"}],"wp:term":[{"taxonomy":"category","embeddable":true,"href":"https:\/\/oasisfm935.com.ar\/site\/wp-json\/wp\/v2\/categories?post=4419"},{"taxonomy":"post_tag","embeddable":true,"href":"https:\/\/oasisfm935.com.ar\/site\/wp-json\/wp\/v2\/tags?post=4419"}],"curies":[{"name":"wp","href":"https:\/\/api.w.org\/{rel}","templated":true}]}}