{"id":4426,"date":"2020-04-30T18:17:37","date_gmt":"2020-04-30T21:17:37","guid":{"rendered":"http:\/\/oasisfm935.com\/site\/?p=4426"},"modified":"2020-04-30T18:55:09","modified_gmt":"2020-04-30T21:55:09","slug":"ingeniero-luiggi-comerciantes-deben-usar-tapa-bocas","status":"publish","type":"post","link":"https:\/\/oasisfm935.com.ar\/site\/ingeniero-luiggi-comerciantes-deben-usar-tapa-bocas\/","title":{"rendered":"Ingeniero Luiggi : Comerciantes  deben usar Tapa Bocas ."},"content":{"rendered":"<blockquote><p>Desde el Gobierno local\u00a0 se contin\u00faan reforzando la concientizaci\u00f3n sobre la pandemia y cuidados personales con medidas locales.<\/p>\n<p>En comunicaci\u00f3n la Jueza de falta Noelia Telleria comento :\u00a0\u00a0<b>m\u00e1s que nada fuimos a los comercios con Alan Ruiz para reforzar las medidas de seguridad\u00a0 y pedirle a la gente que use el tapa boca o barbijos.<\/b><\/p>\n<p>&nbsp;<\/p>\n<p><b> Tambi\u00e9n recordar las medidas de higiene: que halla distanciamiento social, control en la manipulaci\u00f3n de la mercader\u00eda, higiene dentro del local, que la gente se lave las manos con frecuencias o si va al negocio al entrar o salir use alcohol en gel, todas las medidas que hacen a la higiene y la seguridad contra el coranavirus .<\/b><\/p>\n<p>&nbsp;<\/p><\/blockquote>\n<p><img decoding=\"async\" src=\"https:\/\/scontent.frsa4-1.fna.fbcdn.net\/v\/t1.0-9\/95220328_2996864980396981_7958913027594518528_o.jpg?_nc_cat=106&amp;_nc_sid=8024bb&amp;_nc_eui2=AeFCpV8CUjLLFVn10b7ZWUzutW9_SfboSF61b39J9uhIXpfEugAsVzVB88C_k-umQ0KJ5BcwrvCynkDlBdzkrNhR&amp;_nc_oc=AQkj9xPDZvCHbIh3bEOH46XgmZX1UMwQaGrcYtCBDUrUKRhejY3NvvrzWuqBV5P0JVI&amp;_nc_ht=scontent.frsa4-1.fna&amp;oh=51253efce69893a2bcf409528b610f1f&amp;oe=5ECFD7E2\" alt=\"La imagen puede contener: una o varias personas, personas de pie y exterior\" \/><\/p>\n<p>Adem\u00e1s le solicitamos que usen el tapa boca o barbijos al momento de dirigirse\u00a0 a alg\u00fan comercio, eso tambi\u00e9n le pedimos a los comerciantes q se los exijan a sus cliente. Tambi\u00e9n recordarles que los viajantes que se bajen a dejar la mercader\u00eda hallan\u00a0pasado por la casilla sanitaria, porque si bien es algo que hicimos al principio, la idea es reforzarla para que no bajemos la guardia, para estar atento;\u00a0 si bien\u00a0 en Ingeniero Luiggi\u00a0 no hay casos de coronavirus eso no significa que dejemos de tener medidas de seguridad o nos tranquilemos en relaci\u00f3n a esas cosas.<\/p>\n<p>&nbsp;<\/p>\n<div class=\"oasis-despues-del-contenido\" id=\"oasis-3182395228\"><img loading=\"lazy\" decoding=\"async\" src=\"https:\/\/oasisfm935.com.ar\/site\/wp-content\/uploads\/2020\/08\/47806202-8741-49f2-a5c9-d2f930e5baa1.jpg\" alt=\"\"  srcset=\"https:\/\/oasisfm935.com.ar\/site\/wp-content\/uploads\/2020\/08\/47806202-8741-49f2-a5c9-d2f930e5baa1.jpg 1080w, https:\/\/oasisfm935.com.ar\/site\/wp-content\/uploads\/2020\/08\/47806202-8741-49f2-a5c9-d2f930e5baa1-300x300.jpg 300w, https:\/\/oasisfm935.com.ar\/site\/wp-content\/uploads\/2020\/08\/47806202-8741-49f2-a5c9-d2f930e5baa1-1024x1024.jpg 1024w, https:\/\/oasisfm935.com.ar\/site\/wp-content\/uploads\/2020\/08\/47806202-8741-49f2-a5c9-d2f930e5baa1-150x150.jpg 150w, https:\/\/oasisfm935.com.ar\/site\/wp-content\/uploads\/2020\/08\/47806202-8741-49f2-a5c9-d2f930e5baa1-768x768.jpg 768w\" sizes=\"(max-width: 1080px) 100vw, 1080px\" class=\"no-lazyload\" width=\"1080\" height=\"1080\"  style=\"display: inline-block;\" \/><\/div>","protected":false},"excerpt":{"rendered":"<p>Desde el Gobierno local\u00a0 se contin\u00faan reforzando la concientizaci\u00f3n sobre la pandemia y cuidados personales con medidas locales. En comunicaci\u00f3n la Jueza<\/p>\n","protected":false},"author":4,"featured_media":4428,"comment_status":"closed","ping_status":"open","sticky":false,"template":"","format":"standard","meta":{"colormag_page_layout":"default_layout","footnotes":""},"categories":[2],"tags":[],"class_list":["post-4426","post","type-post","status-publish","format-standard","has-post-thumbnail","hentry","category-noticias"],"_links":{"self":[{"href":"https:\/\/oasisfm935.com.ar\/site\/wp-json\/wp\/v2\/posts\/4426","targetHints":{"allow":["GET"]}}],"collection":[{"href":"https:\/\/oasisfm935.com.ar\/site\/wp-json\/wp\/v2\/posts"}],"about":[{"href":"https:\/\/oasisfm935.com.ar\/site\/wp-json\/wp\/v2\/types\/post"}],"author":[{"embeddable":true,"href":"https:\/\/oasisfm935.com.ar\/site\/wp-json\/wp\/v2\/users\/4"}],"replies":[{"embeddable":true,"href":"https:\/\/oasisfm935.com.ar\/site\/wp-json\/wp\/v2\/comments?post=4426"}],"version-history":[{"count":4,"href":"https:\/\/oasisfm935.com.ar\/site\/wp-json\/wp\/v2\/posts\/4426\/revisions"}],"predecessor-version":[{"id":4433,"href":"https:\/\/oasisfm935.com.ar\/site\/wp-json\/wp\/v2\/posts\/4426\/revisions\/4433"}],"wp:featuredmedia":[{"embeddable":true,"href":"https:\/\/oasisfm935.com.ar\/site\/wp-json\/wp\/v2\/media\/4428"}],"wp:attachment":[{"href":"https:\/\/oasisfm935.com.ar\/site\/wp-json\/wp\/v2\/media?parent=4426"}],"wp:term":[{"taxonomy":"category","embeddable":true,"href":"https:\/\/oasisfm935.com.ar\/site\/wp-json\/wp\/v2\/categories?post=4426"},{"taxonomy":"post_tag","embeddable":true,"href":"https:\/\/oasisfm935.com.ar\/site\/wp-json\/wp\/v2\/tags?post=4426"}],"curies":[{"name":"wp","href":"https:\/\/api.w.org\/{rel}","templated":true}]}}