{"id":4431,"date":"2020-04-30T18:59:01","date_gmt":"2020-04-30T21:59:01","guid":{"rendered":"http:\/\/oasisfm935.com\/site\/?p=4431"},"modified":"2020-04-30T18:59:01","modified_gmt":"2020-04-30T21:59:01","slug":"ingeniero-luiggi-modificacion-en-la-recoleccion-domiciliaria-de-residuos","status":"publish","type":"post","link":"https:\/\/oasisfm935.com.ar\/site\/ingeniero-luiggi-modificacion-en-la-recoleccion-domiciliaria-de-residuos\/","title":{"rendered":"Ingeniero Luiggi : Modificaci\u00f3n en la recolecci\u00f3n domiciliaria de residuos."},"content":{"rendered":"<p>El Gobierno Local, a trav\u00e9s de la Direcci\u00f3n\u00a0 Servicios P\u00fablicos y Espacios Verdes, informa a la comunidad que con motivo de conmemorarse este viernes 1 de Mayo d\u00eda del Trabajador, habr\u00e1\u00a0modificaciones\u00a0en la recolecci\u00f3n\u00a0domiciliaria de\u00a0residuos.<\/p>\n<p>En este contexto, 1 de Mayo \u00abD\u00eda del Trabajador\u00bb no habr\u00e1 recolecci\u00f3n de residuos.<\/p>\n<p><img decoding=\"async\" src=\"https:\/\/scontent.frsa4-1.fna.fbcdn.net\/v\/t1.0-9\/p960x960\/95425107_2998954516854694_6222456908008128512_o.jpg?_nc_cat=110&amp;_nc_sid=110474&amp;_nc_eui2=AeFrZtt5BBUP2tGFr_4V_ECD_EGbzoBjcTD8QZvOgGNxMJCddN0hodUbaGOXfEZTsXweP6dpYIwF-YlQKy3wRRmh&amp;_nc_oc=AQllFq3jP98BuTAXBoi_DQ_Dc7n-v_7ZMNxiSz3FWByxiYM697ANgGv2Fb8zmD5wsnQ&amp;_nc_ht=scontent.frsa4-1.fna&amp;_nc_tp=6&amp;oh=5c98846e4d5016aff5c73d8f59e3b6bc&amp;oe=5ED066BF\" alt=\"La imagen puede contener: texto que dice &quot;IMPORTANTE 1 de MAYO NO habr\u00e1 recolecci\u00f3n de RESIDUOS Contin\u00faa cronograma normal a partir del 2 de Mayo INGENIERO LUIGGI Gobierno&quot;\" \/><\/p>\n<p>Se solicita colaboraci\u00f3n de los vecinos para que respeten los d\u00edas y turnos en los que no habr\u00e1 servicio con el fin de poder mantener entre todos la\u00a0 Localidad\u00a0 limpia.<\/p>\n<div class=\"oasis-despues-del-contenido\" id=\"oasis-2157774705\"><img loading=\"lazy\" decoding=\"async\" src=\"https:\/\/oasisfm935.com.ar\/site\/wp-content\/uploads\/2020\/08\/47806202-8741-49f2-a5c9-d2f930e5baa1.jpg\" alt=\"\"  srcset=\"https:\/\/oasisfm935.com.ar\/site\/wp-content\/uploads\/2020\/08\/47806202-8741-49f2-a5c9-d2f930e5baa1.jpg 1080w, https:\/\/oasisfm935.com.ar\/site\/wp-content\/uploads\/2020\/08\/47806202-8741-49f2-a5c9-d2f930e5baa1-300x300.jpg 300w, https:\/\/oasisfm935.com.ar\/site\/wp-content\/uploads\/2020\/08\/47806202-8741-49f2-a5c9-d2f930e5baa1-1024x1024.jpg 1024w, https:\/\/oasisfm935.com.ar\/site\/wp-content\/uploads\/2020\/08\/47806202-8741-49f2-a5c9-d2f930e5baa1-150x150.jpg 150w, https:\/\/oasisfm935.com.ar\/site\/wp-content\/uploads\/2020\/08\/47806202-8741-49f2-a5c9-d2f930e5baa1-768x768.jpg 768w\" sizes=\"(max-width: 1080px) 100vw, 1080px\" class=\"no-lazyload\" width=\"1080\" height=\"1080\"  style=\"display: inline-block;\" \/><\/div>","protected":false},"excerpt":{"rendered":"<p>El Gobierno Local, a trav\u00e9s de la Direcci\u00f3n\u00a0 Servicios P\u00fablicos y Espacios Verdes, informa a la comunidad que con motivo de conmemorarse<\/p>\n","protected":false},"author":4,"featured_media":4434,"comment_status":"closed","ping_status":"open","sticky":false,"template":"","format":"standard","meta":{"colormag_page_layout":"default_layout","footnotes":""},"categories":[2],"tags":[],"class_list":["post-4431","post","type-post","status-publish","format-standard","has-post-thumbnail","hentry","category-noticias"],"_links":{"self":[{"href":"https:\/\/oasisfm935.com.ar\/site\/wp-json\/wp\/v2\/posts\/4431","targetHints":{"allow":["GET"]}}],"collection":[{"href":"https:\/\/oasisfm935.com.ar\/site\/wp-json\/wp\/v2\/posts"}],"about":[{"href":"https:\/\/oasisfm935.com.ar\/site\/wp-json\/wp\/v2\/types\/post"}],"author":[{"embeddable":true,"href":"https:\/\/oasisfm935.com.ar\/site\/wp-json\/wp\/v2\/users\/4"}],"replies":[{"embeddable":true,"href":"https:\/\/oasisfm935.com.ar\/site\/wp-json\/wp\/v2\/comments?post=4431"}],"version-history":[{"count":1,"href":"https:\/\/oasisfm935.com.ar\/site\/wp-json\/wp\/v2\/posts\/4431\/revisions"}],"predecessor-version":[{"id":4435,"href":"https:\/\/oasisfm935.com.ar\/site\/wp-json\/wp\/v2\/posts\/4431\/revisions\/4435"}],"wp:featuredmedia":[{"embeddable":true,"href":"https:\/\/oasisfm935.com.ar\/site\/wp-json\/wp\/v2\/media\/4434"}],"wp:attachment":[{"href":"https:\/\/oasisfm935.com.ar\/site\/wp-json\/wp\/v2\/media?parent=4431"}],"wp:term":[{"taxonomy":"category","embeddable":true,"href":"https:\/\/oasisfm935.com.ar\/site\/wp-json\/wp\/v2\/categories?post=4431"},{"taxonomy":"post_tag","embeddable":true,"href":"https:\/\/oasisfm935.com.ar\/site\/wp-json\/wp\/v2\/tags?post=4431"}],"curies":[{"name":"wp","href":"https:\/\/api.w.org\/{rel}","templated":true}]}}