{"id":4437,"date":"2020-05-01T21:12:01","date_gmt":"2020-05-02T00:12:01","guid":{"rendered":"http:\/\/oasisfm935.com\/site\/?p=4437"},"modified":"2020-05-01T21:12:01","modified_gmt":"2020-05-02T00:12:01","slug":"murio-goldie-la-hermana-gemela-de-mirtha-legrand","status":"publish","type":"post","link":"https:\/\/oasisfm935.com.ar\/site\/murio-goldie-la-hermana-gemela-de-mirtha-legrand\/","title":{"rendered":"Muri\u00f3 Goldie, la hermana gemela de Mirtha Legrand"},"content":{"rendered":"<p><b>Silvia Legrand<\/b>, actriz y hermana gemela de\u00a0<b>Mirtha<\/b>,\u00a0<b>muri\u00f3 este viernes a los 93 a\u00f1os\u00a0<\/b>en su casa en Mart\u00ednez, provincia de Buenos Aires, seg\u00fan confirm\u00f3 a\u00a0<mark class=\"hl_red\"><b>Teleshow\u00a0<\/b><\/mark><b>Marcela Tinayre<\/b>, la hija de la diva.<\/p>\n<p>Todav\u00eda no trascendieron las causas del fallecimiento, pero fuentes cercanas a la familia contaron a este medio que Goldie, como era conocida para el p\u00fablico y sus seres queridos,\u00a0<b>se fue a dormir la siesta y no volvi\u00f3 a despertarse<\/b>. Se encontraba bien de salud y se descarta que tuviera coronavirus.<\/p>\n<p>Las hermanas\u00a0<b>comenzaron juntas su carrera en el mundo de la actuaci\u00f3n<\/b>. Grabaron varias pel\u00edculas en las d\u00e9cadas del \u201940, \u201950 y \u201960. Pero casi de un d\u00eda para el otro Goldie decidi\u00f3 dar un paso al costado y nunca m\u00e1s volvi\u00f3 a pisar un escenario ni un estudio de grabaci\u00f3n, convirti\u00e9ndose en la primera de los tres hermanos en alejarse del mundo del espect\u00e1culo.<\/p>\n<p><img decoding=\"async\" src=\"https:\/\/www.infobae.com\/new-resizer\/sJL-CIo7A9iyOej5oDgkBCx3qdU=\/750x0\/filters:quality(100)\/arc-anglerfish-arc2-prod-infobae.s3.amazonaws.com\/public\/YHSPCK365ZBXNBB3BWCQEKXMU4.jpg\" alt=\"Mirtha, Jos\u00e9 y Goldie\" \/><\/p>\n<div class=\"row pb-content-type-text\">\n<div class=\"col-xs-12 col-print-12\">\n<p class=\"element element-paragraph\">Mirtha Legrand ya hab\u00eda atravesado un momento de profundo dolor recientemente con\u00a0<a href=\"https:\/\/www.infobae.com\/teleshow\/infoshow\/2019\/08\/17\/murio-jose-martinez-suarez-el-hermano-de-mirtha-legrand\/\" target=\"_blank\" rel=\"noopener noreferrer\">la muerte de su hermano,\u00a0<b>Jos\u00e9 Mart\u00ednez Su\u00e1rez<\/b><\/a>. El cineasta falleci\u00f3 el 17 de agosto pasado a ra\u00edz de una neumon\u00eda.<\/p>\n<\/div>\n<\/div>\n<div class=\"row pb-content-type-text\">\n<div class=\"col-xs-12 col-print-12\">\n<p class=\"element element-paragraph\">Goldie y Mirtha nacieron el 23 de febrero de 1927, hijas del matrimonio integrado por\u00a0<b>Jos\u00e9 Mart\u00ednez\u00a0<\/b>y\u00a0<b>Rosa Su\u00e1rez<\/b>, docente en Villa Ca\u00f1as. Ellos no eran pap\u00e1s primerizos, 16 meses antes hab\u00eda nacido\u00a0<b>Jos\u00e9<\/b>, el var\u00f3n primog\u00e9nito, pero la llegada de gemelas fue todo un acontecimiento. Eran tiempos donde no exist\u00edan ecograf\u00edas que anticiparan sexo de ni\u00f1os y mucho menos partos m\u00faltiples. La madre siempre les contaba a sus hijas que supo que tendr\u00eda gemelas el mismo d\u00eda del parto cuando la partera le dijo: \u2018<b>Otro esfuerzo, do\u00f1a Rosa, que viene otro<\/b>\u2019 y que el padre al enterarse casi se desmay\u00f3.<\/p>\n<\/div>\n<\/div>\n<div class=\"row pb-content-type-text\">\n<div class=\"col-xs-12 col-print-12\">\n<p class=\"element element-paragraph\">Las bebas eran hermosas y\u00a0<b>casi id\u00e9nticas excepto porque una pesaba notoriamente m\u00e1s que la otra<\/b>. La m\u00e1s robusta recibi\u00f3 el nombre de Mar\u00eda Aurelia Paula y a la m\u00e1s peque\u00f1a la llamaron Rosa Mar\u00eda Juana. Sin embargo, todos las identificar\u00edan por sus apodos. Por su tama\u00f1o, la beba que naci\u00f3 con mayor peso se convirti\u00f3 en Gordi, ella al crecer lo transformar\u00eda en\u00a0<i>Goldie<\/i>. La m\u00e1s peque\u00f1a recibi\u00f3 el sobrenombre de\u00a0<i>Chiquita\u00a0<\/i>o\u00a0<i>Chiqui<\/i>. Aunque sus tama\u00f1os eran distintos sus facciones eran id\u00e9nticas. Don Jos\u00e9 sol\u00eda sentarlas sobre sus rodillas y preguntarles: \u201c\u00bfQui\u00e9n es, mi chiquita o mi gordita?\u201d Porque no lograba distinguirlas. La madre adem\u00e1s las vest\u00eda iguales, lo que sumaba confusi\u00f3n.\u00a0<i>Chiquita\u00a0<\/i>sol\u00eda plantarse para exigir que el mo\u00f1o o alg\u00fan detalle de la vestimenta fuera diferente y as\u00ed distinguirse de su hermana. En cambio,\u00a0<i>Goldie\u00a0<\/i>aceptaba el vestuario sin problemas.<\/p>\n<\/div>\n<\/div>\n<div class=\"row pb-content-type-text\">\n<div class=\"col-xs-12 col-print-12\">\n<p class=\"element element-paragraph\">Cuando las gemelas cumplieron siete a\u00f1os, con su mam\u00e1 se mudaron a Rosario para recibir cursos de teatro y baile. Pero la vida les ten\u00eda reservado un mal trago:\u00a0<b>en 1937 falleci\u00f3 el padre y la mam\u00e1 con sus tres hijos decidi\u00f3 instalarse en Buenos Aires<\/b>. El cambio de ciudad no implic\u00f3 alterar la rutina de estudios art\u00edsticos y las hermanas comenzaron a estudiar en el Conservatorio de Arte Esc\u00e9nico. Las chicas empezaban a distinguirse por su belleza pero tambi\u00e9n por su talento, as\u00ed que la mam\u00e1 decidi\u00f3 contratar al representante,\u00a0<b>Ricardo Cerebello<\/b>. En el primer encuentro les dijo que Mart\u00ednez era un apellido com\u00fan y hab\u00eda que modificarlo. \u201cMire, se\u00f1or, el primer dramaturgo rioplatense se llama Florencio S\u00e1nchez\u201d, respondi\u00f3 do\u00f1a Rosa pero el representante insisti\u00f3. Como Cerebello ten\u00eda una secretaria que se llamaba Silvia y otra Mirtha, revolearon una moneda y dejaron que el azar decidiera. Rosa Mar\u00eda Juana o Chiquita se transform\u00f3 en Mirtha y Mar\u00eda Aurelia Paula, Goldie, en Silvia. Ese d\u00eda las hermanas Mart\u00ednez se convirtieron en Mirtha y Silvia Legrand.<\/p>\n<\/div>\n<\/div>\n<div class=\"oasis-despues-del-contenido\" id=\"oasis-394493246\"><img loading=\"lazy\" decoding=\"async\" src=\"https:\/\/oasisfm935.com.ar\/site\/wp-content\/uploads\/2020\/08\/47806202-8741-49f2-a5c9-d2f930e5baa1.jpg\" alt=\"\"  srcset=\"https:\/\/oasisfm935.com.ar\/site\/wp-content\/uploads\/2020\/08\/47806202-8741-49f2-a5c9-d2f930e5baa1.jpg 1080w, https:\/\/oasisfm935.com.ar\/site\/wp-content\/uploads\/2020\/08\/47806202-8741-49f2-a5c9-d2f930e5baa1-300x300.jpg 300w, https:\/\/oasisfm935.com.ar\/site\/wp-content\/uploads\/2020\/08\/47806202-8741-49f2-a5c9-d2f930e5baa1-1024x1024.jpg 1024w, https:\/\/oasisfm935.com.ar\/site\/wp-content\/uploads\/2020\/08\/47806202-8741-49f2-a5c9-d2f930e5baa1-150x150.jpg 150w, https:\/\/oasisfm935.com.ar\/site\/wp-content\/uploads\/2020\/08\/47806202-8741-49f2-a5c9-d2f930e5baa1-768x768.jpg 768w\" sizes=\"(max-width: 1080px) 100vw, 1080px\" class=\"no-lazyload\" width=\"1080\" height=\"1080\"  style=\"display: inline-block;\" \/><\/div>","protected":false},"excerpt":{"rendered":"<p>Silvia Legrand, actriz y hermana gemela de\u00a0Mirtha,\u00a0muri\u00f3 este viernes a los 93 a\u00f1os\u00a0en su casa en Mart\u00ednez, provincia de Buenos Aires, seg\u00fan<\/p>\n","protected":false},"author":4,"featured_media":4438,"comment_status":"closed","ping_status":"open","sticky":false,"template":"","format":"standard","meta":{"colormag_page_layout":"default_layout","footnotes":""},"categories":[2],"tags":[],"class_list":["post-4437","post","type-post","status-publish","format-standard","has-post-thumbnail","hentry","category-noticias"],"_links":{"self":[{"href":"https:\/\/oasisfm935.com.ar\/site\/wp-json\/wp\/v2\/posts\/4437","targetHints":{"allow":["GET"]}}],"collection":[{"href":"https:\/\/oasisfm935.com.ar\/site\/wp-json\/wp\/v2\/posts"}],"about":[{"href":"https:\/\/oasisfm935.com.ar\/site\/wp-json\/wp\/v2\/types\/post"}],"author":[{"embeddable":true,"href":"https:\/\/oasisfm935.com.ar\/site\/wp-json\/wp\/v2\/users\/4"}],"replies":[{"embeddable":true,"href":"https:\/\/oasisfm935.com.ar\/site\/wp-json\/wp\/v2\/comments?post=4437"}],"version-history":[{"count":1,"href":"https:\/\/oasisfm935.com.ar\/site\/wp-json\/wp\/v2\/posts\/4437\/revisions"}],"predecessor-version":[{"id":4439,"href":"https:\/\/oasisfm935.com.ar\/site\/wp-json\/wp\/v2\/posts\/4437\/revisions\/4439"}],"wp:featuredmedia":[{"embeddable":true,"href":"https:\/\/oasisfm935.com.ar\/site\/wp-json\/wp\/v2\/media\/4438"}],"wp:attachment":[{"href":"https:\/\/oasisfm935.com.ar\/site\/wp-json\/wp\/v2\/media?parent=4437"}],"wp:term":[{"taxonomy":"category","embeddable":true,"href":"https:\/\/oasisfm935.com.ar\/site\/wp-json\/wp\/v2\/categories?post=4437"},{"taxonomy":"post_tag","embeddable":true,"href":"https:\/\/oasisfm935.com.ar\/site\/wp-json\/wp\/v2\/tags?post=4437"}],"curies":[{"name":"wp","href":"https:\/\/api.w.org\/{rel}","templated":true}]}}