{"id":444,"date":"2019-01-23T14:31:29","date_gmt":"2019-01-23T17:31:29","guid":{"rendered":"http:\/\/oasisfm935.com\/site\/?p=444"},"modified":"2019-01-23T14:32:15","modified_gmt":"2019-01-23T17:32:15","slug":"el-vicegobernador-molesto-por-el-destrato-del-ministro-dietrich","status":"publish","type":"post","link":"https:\/\/oasisfm935.com.ar\/site\/el-vicegobernador-molesto-por-el-destrato-del-ministro-dietrich\/","title":{"rendered":"El vicegobernador, molesto por el \u201cdestrato\u201d del ministro Dietrich"},"content":{"rendered":"<p class=\"lead nota-detalle-bajada\">El vicegobernador a cargo del Ejecutivo provincial, Mariano Fern\u00e1ndez, cuestion\u00f3 que el ministro de Transporte de la Naci\u00f3n, Guillermo Dietrich, no haya pedido una reuni\u00f3n con las autoridades provinciales en su visita a Santa Rosa. \u201cEsto forma parte del destrato nacional hacia los pampeanos\u201d, lanz\u00f3 el vice, en una visita a la Zona Franca de Pico.<\/p>\n<p>Dietrich lleg\u00f3 ayer a Santa Rosa y recorri\u00f3 obras viales. Hoy, en tanto, anunci\u00f3 que Naci\u00f3n realizar\u00e1 remodelaciones del aeropuerto capitalino por 620 millones de pesos, dijo que\u00a0<a href=\"http:\/\/diariotextual.com\/inicio\/index.php\/2019\/01\/23\/alteos-la-35-dietrich-reconocio-la-demora-las-obras\/\" target=\"_blank\" rel=\"noopener\"><strong>se repavimentar\u00e1n las rutas nacionales 151 y 152, sostuvo que avanzar\u00e1n con la autopista de la ruta 5, entre Anguil y Santa Rosa<\/strong><\/a>, y neg\u00f3 que haya \u201cdiscriminaci\u00f3n\u201d de Naci\u00f3n hacia La Pampa. Adem\u00e1s\u00a0<a href=\"http:\/\/diariotextual.com\/inicio\/index.php\/2019\/01\/23\/no-quita-subsidios-los-colectivos-dijo-dietrich\/\" target=\"_blank\" rel=\"noopener\"><strong>cuestion\u00f3 al Gobierno de Carlos Verna por no hacerse cargo del subsidio al transporte<\/strong><\/a>, que elimin\u00f3 hace menos de un mes Casa Rosada.<\/p>\n<div class=\"nota-detalle-cuerpo\">\n<p>\u201cNo hemos tenido ning\u00fan llamado telef\u00f3nico, ninguna invitaci\u00f3n oficial; me cuesta creer esta situaci\u00f3n\u201d, dijo Fern\u00e1ndez. \u201c<strong>Es la primera vez que un ministro nacional viene y no habla con alguna autoridad. No s\u00e9\u00a0si a la tarde querr\u00e1 hacerlo, nos hubiera gustado conversar con \u00e9l\u201d.<\/strong><\/p>\n<\/div>\n<p>\u201cHemos hablado con el presidente (Mauricio) Macri sobre las obras prioritarias, como las rutas nacionales 35, 151 y\u00a0152, terminaci\u00f3n de los jardines de infantes, obra de los Daneses. Seg\u00fan Macri, \u00e9l cre\u00eda que Dietrich ya hab\u00eda venido a La Pampa, por supuesto le dijimos que no. Ahora est\u00e1 en La Pampa y no hemos tenido comunicaci\u00f3n oficial. Seguiremos reclamando por nuestros derechos, pero no tengo mucha expectativa. Esto forma parte del destrato nacional hacia los pampeanos\u201d, concluy\u00f3.<\/p>\n<div class=\"oasis-despues-del-contenido\" id=\"oasis-3250547829\"><img loading=\"lazy\" decoding=\"async\" src=\"https:\/\/oasisfm935.com.ar\/site\/wp-content\/uploads\/2020\/08\/47806202-8741-49f2-a5c9-d2f930e5baa1.jpg\" alt=\"\"  srcset=\"https:\/\/oasisfm935.com.ar\/site\/wp-content\/uploads\/2020\/08\/47806202-8741-49f2-a5c9-d2f930e5baa1.jpg 1080w, https:\/\/oasisfm935.com.ar\/site\/wp-content\/uploads\/2020\/08\/47806202-8741-49f2-a5c9-d2f930e5baa1-300x300.jpg 300w, https:\/\/oasisfm935.com.ar\/site\/wp-content\/uploads\/2020\/08\/47806202-8741-49f2-a5c9-d2f930e5baa1-1024x1024.jpg 1024w, https:\/\/oasisfm935.com.ar\/site\/wp-content\/uploads\/2020\/08\/47806202-8741-49f2-a5c9-d2f930e5baa1-150x150.jpg 150w, https:\/\/oasisfm935.com.ar\/site\/wp-content\/uploads\/2020\/08\/47806202-8741-49f2-a5c9-d2f930e5baa1-768x768.jpg 768w\" sizes=\"(max-width: 1080px) 100vw, 1080px\" class=\"no-lazyload\" width=\"1080\" height=\"1080\"  style=\"display: inline-block;\" \/><\/div>","protected":false},"excerpt":{"rendered":"<p>El vicegobernador a cargo del Ejecutivo provincial, Mariano Fern\u00e1ndez, cuestion\u00f3 que el ministro de Transporte de la Naci\u00f3n, Guillermo Dietrich, no haya<\/p>\n","protected":false},"author":4,"featured_media":447,"comment_status":"closed","ping_status":"open","sticky":false,"template":"","format":"standard","meta":{"colormag_page_layout":"default_layout","footnotes":""},"categories":[2],"tags":[],"class_list":["post-444","post","type-post","status-publish","format-standard","has-post-thumbnail","hentry","category-noticias"],"_links":{"self":[{"href":"https:\/\/oasisfm935.com.ar\/site\/wp-json\/wp\/v2\/posts\/444","targetHints":{"allow":["GET"]}}],"collection":[{"href":"https:\/\/oasisfm935.com.ar\/site\/wp-json\/wp\/v2\/posts"}],"about":[{"href":"https:\/\/oasisfm935.com.ar\/site\/wp-json\/wp\/v2\/types\/post"}],"author":[{"embeddable":true,"href":"https:\/\/oasisfm935.com.ar\/site\/wp-json\/wp\/v2\/users\/4"}],"replies":[{"embeddable":true,"href":"https:\/\/oasisfm935.com.ar\/site\/wp-json\/wp\/v2\/comments?post=444"}],"version-history":[{"count":1,"href":"https:\/\/oasisfm935.com.ar\/site\/wp-json\/wp\/v2\/posts\/444\/revisions"}],"predecessor-version":[{"id":446,"href":"https:\/\/oasisfm935.com.ar\/site\/wp-json\/wp\/v2\/posts\/444\/revisions\/446"}],"wp:featuredmedia":[{"embeddable":true,"href":"https:\/\/oasisfm935.com.ar\/site\/wp-json\/wp\/v2\/media\/447"}],"wp:attachment":[{"href":"https:\/\/oasisfm935.com.ar\/site\/wp-json\/wp\/v2\/media?parent=444"}],"wp:term":[{"taxonomy":"category","embeddable":true,"href":"https:\/\/oasisfm935.com.ar\/site\/wp-json\/wp\/v2\/categories?post=444"},{"taxonomy":"post_tag","embeddable":true,"href":"https:\/\/oasisfm935.com.ar\/site\/wp-json\/wp\/v2\/tags?post=444"}],"curies":[{"name":"wp","href":"https:\/\/api.w.org\/{rel}","templated":true}]}}