{"id":4444,"date":"2020-05-02T18:15:23","date_gmt":"2020-05-02T21:15:23","guid":{"rendered":"http:\/\/oasisfm935.com\/site\/?p=4444"},"modified":"2020-05-02T18:15:57","modified_gmt":"2020-05-02T21:15:57","slug":"ingeniero-luiggi-salidas-de-esparcimiento-como-indica-el-decreto-realizarlas","status":"publish","type":"post","link":"https:\/\/oasisfm935.com.ar\/site\/ingeniero-luiggi-salidas-de-esparcimiento-como-indica-el-decreto-realizarlas\/","title":{"rendered":"Ingeniero Luiggi : Salidas de esparcimiento: c\u00f3mo indica el decreto realizarlas"},"content":{"rendered":"<p><strong>Desde el viernes 1 de Mayo y durante los fines de semana y feriado, los pampeanos tienen permitidas las salidas de esparcimiento pero de una hora solamente. Adem\u00e1s, se debe tener en cuenta una serie de reglas y recomendaciones que el Gobierno de La Pampa dej\u00f3 expl\u00edcito un decreto.<\/strong><\/p>\n<p>En este sentido, seg\u00fan el Decreto emitido por el Gobierno de La Pampa, las salidas de esparcimiento autorizadas se deben realizar exclusivamente en formato de caminata recreativa en un radio de 500 metros de su lugar de residencia, conservando el distanciamiento social de 2 metros, con otros peatones.<\/p>\n<p><strong>SE INDICA EL USO DE CUBREBOCANARIZ<br \/>\n<\/strong>El decreto indica el uso de \u00abcubrebocanariz\u00bb. En caso de menores de 12 a\u00f1os, se recomienda el uso de cobertor facial a partir de los 2 a\u00f1os de edad.<\/p>\n<p>Las caminatas ser\u00e1n de<strong>\u00a0una hora<\/strong>\u00a0diaria y estar\u00e1n\u00a0<strong>permitidas los d\u00edas s\u00e1bados, domingos y feriados de 8 a 18 horas<\/strong>. No deben detenerse en la v\u00eda p\u00fablica y no realizar reuniones.<\/p>\n<p>Se podr\u00e1 realizar actividad acompa\u00f1ado de una sola persona conviviente. En el caso de menores de edad, podr\u00e1n salir m\u00e1s de uno acompa\u00f1ado de un solo padre o familiar mayor responsable. Se recomienda el uso de ropa de f\u00e1cil lavado y secado.<\/p>\n<p>Adem\u00e1s, se debe mantener la higiene respiratoria quedando prohibido salivar en espacios p\u00fablicos, asegurarse de toser o estornudar siempre con el cubrebocanariz colocado, evitar tocarse la cara.<\/p>\n<p>Higienizarse las manos frecuentemente, llevar consigo alcohol al 70% (gel o l\u00edquido).<\/p>\n<p>Evitar tocar objetos u otras superficies de la v\u00eda p\u00fablica. El adulto responsable asegurar\u00e1 que el menor no toque elementos de la v\u00eda p\u00fablica que pudieran estar contaminados. No est\u00e1 permitido el acceso a plazas, areneros o juegos infantiles.<\/p>\n<p>Al regreso de la actividad, se recomienda retirarse la ropa en el ba\u00f1o o lavadero. Guardarla en bolsa hasta el momento del lavado. Lavar la ropa con el jab\u00f3n habitual y con agua a temperatura entre 40\u00ba y 60\u00ba. Es recomendable ducharse luego de la actividad.<\/p>\n<p><strong>Se debe llevar consigo siempre el DNI.<\/strong><\/p>\n<p><strong>MASCOTAS<br \/>\n<\/strong>Se podr\u00e1 sacar a las mascotas con correa y por un per\u00edodo no mayor de 30 minutos, con recipientes y\/o elementos \u00fatiles para levantar las heces con una bolsa, cerrarla y tirarla en un tacho de basura. Al regresar, se debe limpiar las patas y el hocico con una toalla h\u00fameda o papel tissue con agua y jab\u00f3n blanco o bien lavarle con alguno de estos productos. No se debe usar alcohol puro, ni alcohol en gel, lavandina u otros desinfectantes que pueden perjudicar al animal.<\/p>\n<p>El texto completo del decreto puede consultarse en el siguiente<a href=\"https:\/\/drive.google.com\/file\/d\/1p9r0z9eK6HrC3Im5Pa3tgr6c10V36F7a\/view\">\u00a0link<\/a>.<\/p>\n<div class=\"oasis-despues-del-contenido\" id=\"oasis-1336851059\"><img loading=\"lazy\" decoding=\"async\" src=\"https:\/\/oasisfm935.com.ar\/site\/wp-content\/uploads\/2020\/08\/47806202-8741-49f2-a5c9-d2f930e5baa1.jpg\" alt=\"\"  srcset=\"https:\/\/oasisfm935.com.ar\/site\/wp-content\/uploads\/2020\/08\/47806202-8741-49f2-a5c9-d2f930e5baa1.jpg 1080w, https:\/\/oasisfm935.com.ar\/site\/wp-content\/uploads\/2020\/08\/47806202-8741-49f2-a5c9-d2f930e5baa1-300x300.jpg 300w, https:\/\/oasisfm935.com.ar\/site\/wp-content\/uploads\/2020\/08\/47806202-8741-49f2-a5c9-d2f930e5baa1-1024x1024.jpg 1024w, https:\/\/oasisfm935.com.ar\/site\/wp-content\/uploads\/2020\/08\/47806202-8741-49f2-a5c9-d2f930e5baa1-150x150.jpg 150w, https:\/\/oasisfm935.com.ar\/site\/wp-content\/uploads\/2020\/08\/47806202-8741-49f2-a5c9-d2f930e5baa1-768x768.jpg 768w\" sizes=\"(max-width: 1080px) 100vw, 1080px\" class=\"no-lazyload\" width=\"1080\" height=\"1080\"  style=\"display: inline-block;\" \/><\/div>","protected":false},"excerpt":{"rendered":"<p>Desde el viernes 1 de Mayo y durante los fines de semana y feriado, los pampeanos tienen permitidas las salidas de esparcimiento<\/p>\n","protected":false},"author":4,"featured_media":4365,"comment_status":"closed","ping_status":"open","sticky":false,"template":"","format":"standard","meta":{"colormag_page_layout":"default_layout","footnotes":""},"categories":[2],"tags":[],"class_list":["post-4444","post","type-post","status-publish","format-standard","has-post-thumbnail","hentry","category-noticias"],"_links":{"self":[{"href":"https:\/\/oasisfm935.com.ar\/site\/wp-json\/wp\/v2\/posts\/4444","targetHints":{"allow":["GET"]}}],"collection":[{"href":"https:\/\/oasisfm935.com.ar\/site\/wp-json\/wp\/v2\/posts"}],"about":[{"href":"https:\/\/oasisfm935.com.ar\/site\/wp-json\/wp\/v2\/types\/post"}],"author":[{"embeddable":true,"href":"https:\/\/oasisfm935.com.ar\/site\/wp-json\/wp\/v2\/users\/4"}],"replies":[{"embeddable":true,"href":"https:\/\/oasisfm935.com.ar\/site\/wp-json\/wp\/v2\/comments?post=4444"}],"version-history":[{"count":1,"href":"https:\/\/oasisfm935.com.ar\/site\/wp-json\/wp\/v2\/posts\/4444\/revisions"}],"predecessor-version":[{"id":4445,"href":"https:\/\/oasisfm935.com.ar\/site\/wp-json\/wp\/v2\/posts\/4444\/revisions\/4445"}],"wp:featuredmedia":[{"embeddable":true,"href":"https:\/\/oasisfm935.com.ar\/site\/wp-json\/wp\/v2\/media\/4365"}],"wp:attachment":[{"href":"https:\/\/oasisfm935.com.ar\/site\/wp-json\/wp\/v2\/media?parent=4444"}],"wp:term":[{"taxonomy":"category","embeddable":true,"href":"https:\/\/oasisfm935.com.ar\/site\/wp-json\/wp\/v2\/categories?post=4444"},{"taxonomy":"post_tag","embeddable":true,"href":"https:\/\/oasisfm935.com.ar\/site\/wp-json\/wp\/v2\/tags?post=4444"}],"curies":[{"name":"wp","href":"https:\/\/api.w.org\/{rel}","templated":true}]}}