{"id":4453,"date":"2020-05-04T12:14:21","date_gmt":"2020-05-04T15:14:21","guid":{"rendered":"http:\/\/oasisfm935.com\/site\/?p=4453"},"modified":"2020-05-04T12:14:21","modified_gmt":"2020-05-04T15:14:21","slug":"ingeniero-luiggi-el-gobierno-confirmo-que-este-mes-habra-un-nuevo-pago-del-ingreso-familiar-de-emergencia-de-10-mil-pesos","status":"publish","type":"post","link":"https:\/\/oasisfm935.com.ar\/site\/ingeniero-luiggi-el-gobierno-confirmo-que-este-mes-habra-un-nuevo-pago-del-ingreso-familiar-de-emergencia-de-10-mil-pesos\/","title":{"rendered":"INGENIERO LUIGGI :  El Gobierno confirm\u00f3 que este mes habr\u00e1 un nuevo pago del Ingreso Familiar de Emergencia de 10 mil pesos"},"content":{"rendered":"<p>El Gobierno nacional ratific\u00f3 ayer domingo que durante el mes de mayo se har\u00e1 un nuevo desembolso del Ingreso Familiar de Emergencia (IFE) de $10.000.<\/p>\n<p>El jefe de Gabinete, Santiago Cafiero, confirm\u00f3 que \u201cse extiende el Ingreso Familiar de Emergencia (IFE) para el mes de abrill, que se va a pagar en mayo\u201d.<\/p>\n<p>\u201cSe extiende el IFE para el mes de abril, que se va a pagar en mayo\u201d, dijo el jefe de ministros, en una extensa entrevista en la que repas\u00f3 diversos temas de la agenda nacional.<\/p>\n<p>El ministro coordinador tambi\u00e9n confirm\u00f3 que la flamante titular del Anses, Fernanda Raverta, participar\u00e1 hoy de la reuni\u00f3n de gabinete econ\u00f3mico y, en este marco, destac\u00f3 la importancia de que la funcionaria \u201cya est\u00e9 trabajando\u201d junto al gobierno debido a que el Anses \u201cest\u00e1 muy interrrelacionado con las pol\u00edticas p\u00fablicas que impulsa el Estado\u201d en el marco de la pandemia.<\/p>\n<p>Al ser consultado sobre las aperturas al aislamiento social, preventivo y obligatorio dispuesto por el gobierno nacional el 20 de marzo, dijo que, \u201cdesde el punto de vista epidemiol\u00f3gico, hay que esperar unos diez d\u00edas para saber c\u00f3mo evoluciona\u201d cada uno de los distritos, ya que es el tiempo para poder saber si esa medida hizo crecer la cantidad de casos, o no, como para determinar su viabilidad.<\/p>\n<p>Dej\u00f3 claro que primero \u201chay que saber d\u00f3nde estamos parados y los pasos a seguir\u201d y que las aperturas siempre son con protocolos y con fiscalizaci\u00f3n desde el gobierno nacional.<\/p>\n<p>Cafiero tambi\u00e9n se refiri\u00f3 a la oferta argentina para el pago de la deuda externa, y dej\u00f3 claro que \u201cno\u201d se va a modificar debido a que es \u201cel compromiso que podemos cumplir\u201d y que es \u201csostenible en el tiempo\u201d<\/p>\n<p>\u201cNosotros presentamos la oferta de buena fe, que es el compromiso que podemos cumplir y que constituye sostenibilidad en el tiempo\u201d, dijo.<\/p>\n<p>Agreg\u00f3 que \u201cla deuda era insostenible\u201d y que el Gobierno nacional est\u00e1 haciendo \u201cuna reestructuraci\u00f3n y un replanteo para que sea posible su cumplimiento\u201d y dej\u00f3 claro que la \u201coferta es la que se hizo\u201d y que \u201cde nada sirve hacer una oferta que luego no se pueda cumplir\u201d.<\/p>\n<p>Al ser consultado sobre las rebajas que desde algunos sectores reclaman que se apliquen a los salarios de empleados p\u00fablicos, Cafiero dijo que \u201ctrabajan a destajo\u201d para administrar la pandemia, y que \u201cni siquiera tiene tiempo de responder\u201d a esos planteos, porque est\u00e1n abocados a ver c\u00f3mo hacen \u201cpara que haya m\u00e1s respiradores, para que empresas textiles se reconviertan y produzcan lo que necesitamos para proveer al sistema de salud, incrementar la oferta de unidades de terapia intensiva, de hospitales modulares\u201d.<\/p>\n<p>Respecto a los cacerolazos que expresaron rechazo al otorgamiento de prisiones domiciliarias por la pandemia, Santiago Cafiero dijo que entiende \u201cla angustia de la gente\u201d porque \u201cnadie puede estar tranquilo si hay un genocida o un violador\u201d en la calle, pero dej\u00f3 claro que \u201cel gobierno no tiene facultad\u201d sobre las decisiones de los jueces, a quienes les compete el otorgamiento o no de esos beneficios.<\/p>\n<p>\u201cEl Poder Ejecutivo no puede ni debe meter preso ni liberar a nadie. No tiene esa facultad. Por eso no est\u00e1 bien vincular al Gobierno con esos casos\u201d, asever\u00f3 el jefe de Gabinete.<\/p>\n<p>Agreg\u00f3 que lo que tiene el Gobierno es \u201cuna mirada humanitaria\u201d sobre las c\u00e1rceles, que ah\u00ed s\u00ed \u201centra en discusi\u00f3n el rol del Poder Ejecutivo\u201d, dado que el Servicio Penitenciario depende de su \u00f3rbita, pero dej\u00f3 claro que \u201cqui\u00e9n est\u00e1 preso o no, es judicial\u201d.<\/p>\n<p>Dijo tambi\u00e9n que \u201clos jueces son los que tienen que ser responsables de las decisiones que toman\u201d, y record\u00f3 que \u201chay mecanismos institucionales\u201d para corregir eventuales errores.<\/p>\n<p>&nbsp;<\/p>\n<div class=\"oasis-despues-del-contenido\" id=\"oasis-3288091862\"><img loading=\"lazy\" decoding=\"async\" src=\"https:\/\/oasisfm935.com.ar\/site\/wp-content\/uploads\/2020\/08\/47806202-8741-49f2-a5c9-d2f930e5baa1.jpg\" alt=\"\"  srcset=\"https:\/\/oasisfm935.com.ar\/site\/wp-content\/uploads\/2020\/08\/47806202-8741-49f2-a5c9-d2f930e5baa1.jpg 1080w, https:\/\/oasisfm935.com.ar\/site\/wp-content\/uploads\/2020\/08\/47806202-8741-49f2-a5c9-d2f930e5baa1-300x300.jpg 300w, https:\/\/oasisfm935.com.ar\/site\/wp-content\/uploads\/2020\/08\/47806202-8741-49f2-a5c9-d2f930e5baa1-1024x1024.jpg 1024w, https:\/\/oasisfm935.com.ar\/site\/wp-content\/uploads\/2020\/08\/47806202-8741-49f2-a5c9-d2f930e5baa1-150x150.jpg 150w, https:\/\/oasisfm935.com.ar\/site\/wp-content\/uploads\/2020\/08\/47806202-8741-49f2-a5c9-d2f930e5baa1-768x768.jpg 768w\" sizes=\"(max-width: 1080px) 100vw, 1080px\" class=\"no-lazyload\" width=\"1080\" height=\"1080\"  style=\"display: inline-block;\" \/><\/div>","protected":false},"excerpt":{"rendered":"<p>El Gobierno nacional ratific\u00f3 ayer domingo que durante el mes de mayo se har\u00e1 un nuevo desembolso del Ingreso Familiar de Emergencia<\/p>\n","protected":false},"author":4,"featured_media":4454,"comment_status":"closed","ping_status":"open","sticky":false,"template":"","format":"standard","meta":{"colormag_page_layout":"default_layout","footnotes":""},"categories":[2],"tags":[],"class_list":["post-4453","post","type-post","status-publish","format-standard","has-post-thumbnail","hentry","category-noticias"],"_links":{"self":[{"href":"https:\/\/oasisfm935.com.ar\/site\/wp-json\/wp\/v2\/posts\/4453","targetHints":{"allow":["GET"]}}],"collection":[{"href":"https:\/\/oasisfm935.com.ar\/site\/wp-json\/wp\/v2\/posts"}],"about":[{"href":"https:\/\/oasisfm935.com.ar\/site\/wp-json\/wp\/v2\/types\/post"}],"author":[{"embeddable":true,"href":"https:\/\/oasisfm935.com.ar\/site\/wp-json\/wp\/v2\/users\/4"}],"replies":[{"embeddable":true,"href":"https:\/\/oasisfm935.com.ar\/site\/wp-json\/wp\/v2\/comments?post=4453"}],"version-history":[{"count":1,"href":"https:\/\/oasisfm935.com.ar\/site\/wp-json\/wp\/v2\/posts\/4453\/revisions"}],"predecessor-version":[{"id":4455,"href":"https:\/\/oasisfm935.com.ar\/site\/wp-json\/wp\/v2\/posts\/4453\/revisions\/4455"}],"wp:featuredmedia":[{"embeddable":true,"href":"https:\/\/oasisfm935.com.ar\/site\/wp-json\/wp\/v2\/media\/4454"}],"wp:attachment":[{"href":"https:\/\/oasisfm935.com.ar\/site\/wp-json\/wp\/v2\/media?parent=4453"}],"wp:term":[{"taxonomy":"category","embeddable":true,"href":"https:\/\/oasisfm935.com.ar\/site\/wp-json\/wp\/v2\/categories?post=4453"},{"taxonomy":"post_tag","embeddable":true,"href":"https:\/\/oasisfm935.com.ar\/site\/wp-json\/wp\/v2\/tags?post=4453"}],"curies":[{"name":"wp","href":"https:\/\/api.w.org\/{rel}","templated":true}]}}