{"id":4456,"date":"2020-05-04T13:16:49","date_gmt":"2020-05-04T16:16:49","guid":{"rendered":"http:\/\/oasisfm935.com\/site\/?p=4456"},"modified":"2020-05-04T13:17:33","modified_gmt":"2020-05-04T16:17:33","slug":"desde-los-pueblos-del-interior-se-podra-viajar-a-pico-o-santa-rosa-en-algunos-casos-puntuales","status":"publish","type":"post","link":"https:\/\/oasisfm935.com.ar\/site\/desde-los-pueblos-del-interior-se-podra-viajar-a-pico-o-santa-rosa-en-algunos-casos-puntuales\/","title":{"rendered":"Desde los pueblos del interior se podr\u00e1 viajar a Pico o Santa Rosa en algunos casos puntuales"},"content":{"rendered":"<p>Desde este lunes, entre las 14 a las 18 horas los comercios de toda la provincia podr\u00e1n abrir sus puertas, adem\u00e1s de los vinculados al rubro alimentos y art\u00edculos de limpieza que ya ven\u00edan funcionando porque estaban exceptuados de la cuarentena.<\/p>\n<p>Desde la Unidad Regional II indicaron que desde pueblos del interior, aleda\u00f1os a estas grandes ciudades, como General Pico o Santa Rosa, se podr\u00e1 viajar si es por una compra de primera necesidad, pero no podr\u00e1n hacerlo para comprar prendas de vestir, calzados u otros elementos que no lo son.<\/p>\n<p><strong>Adem\u00e1s podr\u00e1n viajar para comprar medicamentos que no haya en su localidad de residencia o por alguna atenci\u00f3n m\u00e9dica,<\/strong>\u00a0informaron fuentes policiales.<\/p>\n<p>zonal noticias<\/p>\n<div class=\"oasis-despues-del-contenido\" id=\"oasis-1586806992\"><img loading=\"lazy\" decoding=\"async\" src=\"https:\/\/oasisfm935.com.ar\/site\/wp-content\/uploads\/2020\/08\/47806202-8741-49f2-a5c9-d2f930e5baa1.jpg\" alt=\"\"  srcset=\"https:\/\/oasisfm935.com.ar\/site\/wp-content\/uploads\/2020\/08\/47806202-8741-49f2-a5c9-d2f930e5baa1.jpg 1080w, https:\/\/oasisfm935.com.ar\/site\/wp-content\/uploads\/2020\/08\/47806202-8741-49f2-a5c9-d2f930e5baa1-300x300.jpg 300w, https:\/\/oasisfm935.com.ar\/site\/wp-content\/uploads\/2020\/08\/47806202-8741-49f2-a5c9-d2f930e5baa1-1024x1024.jpg 1024w, https:\/\/oasisfm935.com.ar\/site\/wp-content\/uploads\/2020\/08\/47806202-8741-49f2-a5c9-d2f930e5baa1-150x150.jpg 150w, https:\/\/oasisfm935.com.ar\/site\/wp-content\/uploads\/2020\/08\/47806202-8741-49f2-a5c9-d2f930e5baa1-768x768.jpg 768w\" sizes=\"(max-width: 1080px) 100vw, 1080px\" class=\"no-lazyload\" width=\"1080\" height=\"1080\"  style=\"display: inline-block;\" \/><\/div>","protected":false},"excerpt":{"rendered":"<p>Desde este lunes, entre las 14 a las 18 horas los comercios de toda la provincia podr\u00e1n abrir sus puertas, adem\u00e1s de<\/p>\n","protected":false},"author":4,"featured_media":4457,"comment_status":"closed","ping_status":"open","sticky":false,"template":"","format":"standard","meta":{"colormag_page_layout":"default_layout","footnotes":""},"categories":[2],"tags":[],"class_list":["post-4456","post","type-post","status-publish","format-standard","has-post-thumbnail","hentry","category-noticias"],"_links":{"self":[{"href":"https:\/\/oasisfm935.com.ar\/site\/wp-json\/wp\/v2\/posts\/4456","targetHints":{"allow":["GET"]}}],"collection":[{"href":"https:\/\/oasisfm935.com.ar\/site\/wp-json\/wp\/v2\/posts"}],"about":[{"href":"https:\/\/oasisfm935.com.ar\/site\/wp-json\/wp\/v2\/types\/post"}],"author":[{"embeddable":true,"href":"https:\/\/oasisfm935.com.ar\/site\/wp-json\/wp\/v2\/users\/4"}],"replies":[{"embeddable":true,"href":"https:\/\/oasisfm935.com.ar\/site\/wp-json\/wp\/v2\/comments?post=4456"}],"version-history":[{"count":1,"href":"https:\/\/oasisfm935.com.ar\/site\/wp-json\/wp\/v2\/posts\/4456\/revisions"}],"predecessor-version":[{"id":4458,"href":"https:\/\/oasisfm935.com.ar\/site\/wp-json\/wp\/v2\/posts\/4456\/revisions\/4458"}],"wp:featuredmedia":[{"embeddable":true,"href":"https:\/\/oasisfm935.com.ar\/site\/wp-json\/wp\/v2\/media\/4457"}],"wp:attachment":[{"href":"https:\/\/oasisfm935.com.ar\/site\/wp-json\/wp\/v2\/media?parent=4456"}],"wp:term":[{"taxonomy":"category","embeddable":true,"href":"https:\/\/oasisfm935.com.ar\/site\/wp-json\/wp\/v2\/categories?post=4456"},{"taxonomy":"post_tag","embeddable":true,"href":"https:\/\/oasisfm935.com.ar\/site\/wp-json\/wp\/v2\/tags?post=4456"}],"curies":[{"name":"wp","href":"https:\/\/api.w.org\/{rel}","templated":true}]}}