{"id":4459,"date":"2020-05-04T16:28:26","date_gmt":"2020-05-04T19:28:26","guid":{"rendered":"http:\/\/oasisfm935.com\/site\/?p=4459"},"modified":"2020-05-04T16:29:23","modified_gmt":"2020-05-04T19:29:23","slug":"ingeniero-luiggi-peluquerias-y-centro-de-estetica-deberan-tramitar-el-permiso-en-el-juzgado-de-faltas","status":"publish","type":"post","link":"https:\/\/oasisfm935.com.ar\/site\/ingeniero-luiggi-peluquerias-y-centro-de-estetica-deberan-tramitar-el-permiso-en-el-juzgado-de-faltas\/","title":{"rendered":"Ingeniero Luiggi : Peluquer\u00edas y Centro de est\u00e9tica deber\u00e1n tramitar el permiso en el Juzgado de Faltas"},"content":{"rendered":"<p><strong>En comunicaci\u00f3n con Fm oasis\u00a0 la Jueza de falta Noelia Telleria comento:\u00a0\u00a0Ma\u00f1ana martes 05 de Mayo de 7:00 a 13:00 vamos a estar otorgando permisos al personal domestico y las personas que se dedican hacer est\u00e9ticas ; como depilaci\u00f3n, masajes, u\u00f1as, cejas, peluquer\u00eda.\u00a0\u00a0<\/strong><\/p>\n<p>Independientemente que hallan sacado el permiso a nivel provincial , solicitamos que se acerquen a sacar el permiso municipal , por que ademas vamos a estar informando sobre el protocolo de higiene y seguridad para tener un trabajo seguro frente a la pandemia que estamos atravesando.<\/p>\n<p>Tambi\u00e9n las actividades que ya est\u00e1n permitidas van a seguir continuando su trabajo como lo ven\u00edan haciendo hasta ahora sin modificaci\u00f3n.<\/p>\n<p><strong> \u00a0 \u00a0 \u00a0 Lo que si le pedimos a la gente que use tapa boca o barbijo por la circulaci\u00f3n de gente que hay-\u00a0<\/strong><\/p>\n<p>&nbsp;<\/p>\n<div class=\"oasis-despues-del-contenido\" id=\"oasis-3232682522\"><img loading=\"lazy\" decoding=\"async\" src=\"https:\/\/oasisfm935.com.ar\/site\/wp-content\/uploads\/2020\/08\/47806202-8741-49f2-a5c9-d2f930e5baa1.jpg\" alt=\"\"  srcset=\"https:\/\/oasisfm935.com.ar\/site\/wp-content\/uploads\/2020\/08\/47806202-8741-49f2-a5c9-d2f930e5baa1.jpg 1080w, https:\/\/oasisfm935.com.ar\/site\/wp-content\/uploads\/2020\/08\/47806202-8741-49f2-a5c9-d2f930e5baa1-300x300.jpg 300w, https:\/\/oasisfm935.com.ar\/site\/wp-content\/uploads\/2020\/08\/47806202-8741-49f2-a5c9-d2f930e5baa1-1024x1024.jpg 1024w, https:\/\/oasisfm935.com.ar\/site\/wp-content\/uploads\/2020\/08\/47806202-8741-49f2-a5c9-d2f930e5baa1-150x150.jpg 150w, https:\/\/oasisfm935.com.ar\/site\/wp-content\/uploads\/2020\/08\/47806202-8741-49f2-a5c9-d2f930e5baa1-768x768.jpg 768w\" sizes=\"(max-width: 1080px) 100vw, 1080px\" class=\"no-lazyload\" width=\"1080\" height=\"1080\"  style=\"display: inline-block;\" \/><\/div>","protected":false},"excerpt":{"rendered":"<p>En comunicaci\u00f3n con Fm oasis\u00a0 la Jueza de falta Noelia Telleria comento:\u00a0\u00a0Ma\u00f1ana martes 05 de Mayo de 7:00 a 13:00 vamos a<\/p>\n","protected":false},"author":4,"featured_media":4460,"comment_status":"closed","ping_status":"open","sticky":false,"template":"","format":"standard","meta":{"colormag_page_layout":"default_layout","footnotes":""},"categories":[2],"tags":[],"class_list":["post-4459","post","type-post","status-publish","format-standard","has-post-thumbnail","hentry","category-noticias"],"_links":{"self":[{"href":"https:\/\/oasisfm935.com.ar\/site\/wp-json\/wp\/v2\/posts\/4459","targetHints":{"allow":["GET"]}}],"collection":[{"href":"https:\/\/oasisfm935.com.ar\/site\/wp-json\/wp\/v2\/posts"}],"about":[{"href":"https:\/\/oasisfm935.com.ar\/site\/wp-json\/wp\/v2\/types\/post"}],"author":[{"embeddable":true,"href":"https:\/\/oasisfm935.com.ar\/site\/wp-json\/wp\/v2\/users\/4"}],"replies":[{"embeddable":true,"href":"https:\/\/oasisfm935.com.ar\/site\/wp-json\/wp\/v2\/comments?post=4459"}],"version-history":[{"count":1,"href":"https:\/\/oasisfm935.com.ar\/site\/wp-json\/wp\/v2\/posts\/4459\/revisions"}],"predecessor-version":[{"id":4461,"href":"https:\/\/oasisfm935.com.ar\/site\/wp-json\/wp\/v2\/posts\/4459\/revisions\/4461"}],"wp:featuredmedia":[{"embeddable":true,"href":"https:\/\/oasisfm935.com.ar\/site\/wp-json\/wp\/v2\/media\/4460"}],"wp:attachment":[{"href":"https:\/\/oasisfm935.com.ar\/site\/wp-json\/wp\/v2\/media?parent=4459"}],"wp:term":[{"taxonomy":"category","embeddable":true,"href":"https:\/\/oasisfm935.com.ar\/site\/wp-json\/wp\/v2\/categories?post=4459"},{"taxonomy":"post_tag","embeddable":true,"href":"https:\/\/oasisfm935.com.ar\/site\/wp-json\/wp\/v2\/tags?post=4459"}],"curies":[{"name":"wp","href":"https:\/\/api.w.org\/{rel}","templated":true}]}}