{"id":4463,"date":"2020-05-04T20:17:00","date_gmt":"2020-05-04T23:17:00","guid":{"rendered":"http:\/\/oasisfm935.com\/site\/?p=4463"},"modified":"2020-05-04T20:17:00","modified_gmt":"2020-05-04T23:17:00","slug":"comerciantes-de-luiggi-satisfechos-por-volver-a-abrir-deberia-haberse-hecho-antes-la-flexibilizacion","status":"publish","type":"post","link":"https:\/\/oasisfm935.com.ar\/site\/comerciantes-de-luiggi-satisfechos-por-volver-a-abrir-deberia-haberse-hecho-antes-la-flexibilizacion\/","title":{"rendered":"Comerciantes de Luiggi satisfechos por volver a abrir: \u00abdeber\u00eda haberse hecho antes la flexibilizaci\u00f3n\u00bb"},"content":{"rendered":"<p><strong>Zonal Noticias<\/strong>\u00a0realiz\u00f3 una recorrida por comercios de Ingeniero Luiggi que desde este lunes pudieron volver a trabajar. \u00ab<strong>Estamos conformes, pero esta apertura deber\u00eda haberse hecho antes\u00bb,<\/strong>\u00a0expresaron.<\/p>\n<p>Esta tarde en varios comercios se pudieron observar colas en el exterior, lo cual fue un incentivo para los comerciantes que estuvieron m\u00e1s de un mes con sus puertas cerradas<\/p>\n<p>Los comerciantes en general afirmaron \u00ab<strong>45 d\u00edas no se pueden recuperar\u00bb,<\/strong>\u00a0y m\u00e1s aquellos que debieron afrontar el pago de sueldos de empleados o alquileres, teniendo sus persianas bajas.<\/p>\n<p><strong>Zonal Noticias<\/strong>\u00a0entrevist\u00f3 a comerciantes de distintos rubros (prendas de vestir, art\u00edculos del hogar, vinotecas, cervecer\u00edas, peluqueros, entre otros, y todos coincidieron en la dif\u00edcil situaci\u00f3n que est\u00e1 viviendo el sector comercial.<\/p>\n<p>Algunas casas de electrodom\u00e9sticos pudieron trabajar mediante ventas digitales, otros recurrieron al delivery, como los due\u00f1os de \u00abPort\u00f3n 36\u00bb dedicados a la venta de bebidas, pero m\u00e1s all\u00e1 de esta alternativa \u00ab<strong>las ventas se vieron muy reducidas\u00bb.<\/strong><\/p>\n<p><img decoding=\"async\" src=\"https:\/\/www.zonalnoticias.com\/images\/comercio_luiggi_1.jpg\" \/><\/p>\n<p><strong>En general todos se vieron muy perjudicados porque adem\u00e1s de\u00a0 tener sus puertas cerradas, debieron afrontar los costos fijos de sueldos, alquileres de los locales\u00a0 e impuestos<\/strong><\/p>\n<p><img decoding=\"async\" src=\"https:\/\/www.zonalnoticias.com\/images\/comercio_luiggi_3.jpg\" \/><\/p>\n<p>Las peluquer\u00edas tambi\u00e9n fueron otra de las actividades que se habilitaron hoy \u00ab<strong>con mucha demanda,<\/strong>\u00a0seg\u00fan los propios peluqueros y estilistas.<\/p>\n<p><strong>La modalidad fue a trav\u00e9s de turnos y utilizando el barbijo obligatorio.<\/strong><\/p>\n<p><img decoding=\"async\" src=\"https:\/\/www.zonalnoticias.com\/images\/comercio_luiggi_peluquero.jpg\" \/><\/p>\n<p>Adrian \u00abNani\u00bb Baudino, comerciante dedicado a la venta de ropa y calzado, opin\u00f3 tambi\u00e9n c\u00f3mo le afect\u00f3 esta medida del aislamiento obligatorio.<\/p>\n<p>\u00ab<strong>Nos afect\u00f3 mucho, en primer lugar por la ca\u00edda abrupta de las ventas por los motivos de p\u00fablico conocimiento y sobre todo por no poder tener el local abierto\u00bb,\u00a0<\/strong>explic\u00f3.<\/p>\n<p><img decoding=\"async\" src=\"https:\/\/www.zonalnoticias.com\/images\/comercio_luiggi.jpg\" \/><\/p>\n<p>En cuanto a las ventas coment\u00f3 \u00abhemos hecho algunas v\u00eda telef\u00f3nica, pero es complicado porque para llevarlo a cabo es necesario contar con una estructura que no tenemos, adem\u00e1s los clientes de las localidades peque\u00f1as como la nuestra no est\u00e1n acostumbrados a este sistema de venta online\u00bb.<\/p>\n<p>\u00abAdem\u00e1s tuve que contratar a una persona especializada para crear una p\u00e1gina de venta on line,lo que me gener\u00f3 gastos, adem\u00e1s lleva tiempo crear la p\u00e1gina\u00bb, explic\u00f3.<\/p>\n<p>Baudino consider\u00f3 que \u00ab<strong>tomando los recaudos del caso, se podr\u00edan haber flexibilizado nuestros rubros mucho antes\u00bb.<\/strong><\/p>\n<p>Por su parte<strong>\u00a0Marcelo Barrera de \u00abPort\u00f3n 36\u00bb<\/strong>\u00a0dedicado a la venta de bebidas, cont\u00f3 \u00abvivimos una situaci\u00f3n complicada, el comercio en general est\u00e1 preocupado, pero tratando de adaptarnos a las medidas establecidas por el gobierno nacional, provincial y local\u00bb.<\/p>\n<p>\u00abEn nuestro caso tratamos de seguir trabajando y no vernos tan afectados en lo econ\u00f3mico. En estos d\u00edas de cierre, nosotros apelamos al delivery, fomentando que la gente no salga de sus casas, y nosotros entregando el pedido\u00bb, explic\u00f3.<\/p>\n<p><strong>\u00abTratamos siempre de buscarle la vuelta para seguir trabajando, pero en general estamos preocupados porque creemos que esta situaci\u00f3n no termina ac\u00e1 y va a tener mucha repercusi\u00f3n a nivel econ\u00f3mico\u00bb<\/strong>, concluy\u00f3.<\/p>\n<p>fuente : zonal noticias<\/p>\n<div class=\"oasis-despues-del-contenido\" id=\"oasis-1813035704\"><img loading=\"lazy\" decoding=\"async\" src=\"https:\/\/oasisfm935.com.ar\/site\/wp-content\/uploads\/2020\/08\/47806202-8741-49f2-a5c9-d2f930e5baa1.jpg\" alt=\"\"  srcset=\"https:\/\/oasisfm935.com.ar\/site\/wp-content\/uploads\/2020\/08\/47806202-8741-49f2-a5c9-d2f930e5baa1.jpg 1080w, https:\/\/oasisfm935.com.ar\/site\/wp-content\/uploads\/2020\/08\/47806202-8741-49f2-a5c9-d2f930e5baa1-300x300.jpg 300w, https:\/\/oasisfm935.com.ar\/site\/wp-content\/uploads\/2020\/08\/47806202-8741-49f2-a5c9-d2f930e5baa1-1024x1024.jpg 1024w, https:\/\/oasisfm935.com.ar\/site\/wp-content\/uploads\/2020\/08\/47806202-8741-49f2-a5c9-d2f930e5baa1-150x150.jpg 150w, https:\/\/oasisfm935.com.ar\/site\/wp-content\/uploads\/2020\/08\/47806202-8741-49f2-a5c9-d2f930e5baa1-768x768.jpg 768w\" sizes=\"(max-width: 1080px) 100vw, 1080px\" class=\"no-lazyload\" width=\"1080\" height=\"1080\"  style=\"display: inline-block;\" \/><\/div>","protected":false},"excerpt":{"rendered":"<p>Zonal Noticias\u00a0realiz\u00f3 una recorrida por comercios de Ingeniero Luiggi que desde este lunes pudieron volver a trabajar. \u00abEstamos conformes, pero esta apertura<\/p>\n","protected":false},"author":4,"featured_media":4464,"comment_status":"closed","ping_status":"open","sticky":false,"template":"","format":"standard","meta":{"colormag_page_layout":"default_layout","footnotes":""},"categories":[2],"tags":[],"class_list":["post-4463","post","type-post","status-publish","format-standard","has-post-thumbnail","hentry","category-noticias"],"_links":{"self":[{"href":"https:\/\/oasisfm935.com.ar\/site\/wp-json\/wp\/v2\/posts\/4463","targetHints":{"allow":["GET"]}}],"collection":[{"href":"https:\/\/oasisfm935.com.ar\/site\/wp-json\/wp\/v2\/posts"}],"about":[{"href":"https:\/\/oasisfm935.com.ar\/site\/wp-json\/wp\/v2\/types\/post"}],"author":[{"embeddable":true,"href":"https:\/\/oasisfm935.com.ar\/site\/wp-json\/wp\/v2\/users\/4"}],"replies":[{"embeddable":true,"href":"https:\/\/oasisfm935.com.ar\/site\/wp-json\/wp\/v2\/comments?post=4463"}],"version-history":[{"count":1,"href":"https:\/\/oasisfm935.com.ar\/site\/wp-json\/wp\/v2\/posts\/4463\/revisions"}],"predecessor-version":[{"id":4465,"href":"https:\/\/oasisfm935.com.ar\/site\/wp-json\/wp\/v2\/posts\/4463\/revisions\/4465"}],"wp:featuredmedia":[{"embeddable":true,"href":"https:\/\/oasisfm935.com.ar\/site\/wp-json\/wp\/v2\/media\/4464"}],"wp:attachment":[{"href":"https:\/\/oasisfm935.com.ar\/site\/wp-json\/wp\/v2\/media?parent=4463"}],"wp:term":[{"taxonomy":"category","embeddable":true,"href":"https:\/\/oasisfm935.com.ar\/site\/wp-json\/wp\/v2\/categories?post=4463"},{"taxonomy":"post_tag","embeddable":true,"href":"https:\/\/oasisfm935.com.ar\/site\/wp-json\/wp\/v2\/tags?post=4463"}],"curies":[{"name":"wp","href":"https:\/\/api.w.org\/{rel}","templated":true}]}}