{"id":4466,"date":"2020-05-05T11:21:34","date_gmt":"2020-05-05T14:21:34","guid":{"rendered":"http:\/\/oasisfm935.com\/site\/?p=4466"},"modified":"2020-05-05T13:49:57","modified_gmt":"2020-05-05T16:49:57","slug":"ingeniero-luiggi-se-abre-la-inscripcion-para-creditos-de-economia-social-para-los-emprendedores","status":"publish","type":"post","link":"https:\/\/oasisfm935.com.ar\/site\/ingeniero-luiggi-se-abre-la-inscripcion-para-creditos-de-economia-social-para-los-emprendedores\/","title":{"rendered":"Ingeniero Luiggi : Se abre la  inscripci\u00f3n para cr\u00e9ditos de Econom\u00eda Social para los emprendedores."},"content":{"rendered":"<p><strong>En comunicaci\u00f3n con Fm oasis Bernado Bilbao comento :\u00a0 <\/strong>Hoy d\u00eda martes 5 de mayo todas aquellas personas que est\u00e9n interesadas en tramitar un cr\u00e9dito de econom\u00eda social, puede acercarse a la Municipalidad de Ingeniero Luiggi,\u00a0 a la direcci\u00f3n de compra y producci\u00f3n\u00a0 a la cual pertenezco, no es necesario sacar turno es por orden de llegada, solamente concurrir con su documento de Identidad . Vamos estar hasta el Viernes 8\u00a0 de Mayo de 8 a 10:30 horas .<\/p>\n<p><em>Estos ultimo d\u00edas recib\u00ed varios mensajes de personas\u00a0 si se pod\u00edan inscribir y la respuesta es que s\u00ed , si bien un poco la esencia de estos prestamos son para emprendimientos que ya est\u00e1n constituidos, cualquier emprendimiento nuevo en nuestra localidad es bienvenido,\u00a0 y va hacer recibido y analizado y si es factible de llevarlo adelante va a tener todo el acompa\u00f1amiento de nuestra Municipalidad.\u00a0 <\/em><\/p>\n<blockquote><p><em>\u00a0 \u00a0 \u00a0 \u00a0 \u00a0 \u00a0 \u00a0 \u00a0 \u00a0 \u00a0 \u00a0 \u00a0 \u00a0 \u00a0 \u00a0 \u00a0 \u00a0 \u00a0 \u00a0 \u00a0 \u00a0 Con respeto al monto queda sujeto a la cantidad de personas que se escriban para tramitar los prestamos, si podemos decir hoy que el plazo es hasta 54 cuotas sin inter\u00e9s si alguien desea cancelar antes lo puede hacer.\u00a0\u00a0<\/em><\/p>\n<p><em>\u00a0 La modalidad es muy similar a lo que se viene haciendo\u00a0 a\u00f1os anteriores para todas aquellas personas que son beneficiadas con estos prestamos de econom\u00eda social se nos pide que lleven al momento de la prescripci\u00f3n una persona que les pueda salir de garant\u00eda en el momento que se les otorga el pr\u00e9stamo<\/em><\/p>\n<p><em>Los fondo destinados a estos prestamos provienen del Ministerio Desarrollo Social a trav\u00e9s de la ley desentralizaci\u00f3n y tambi\u00e9n provienen\u00a0 de una cuenta internamente en la municipalidad le llamamos \u00bb cuenta recupero\u00bb\u00a0 que es donde van destinados todas la cuotas de la personas que en su momento fueron beneficiadas con este tipo de prestamos y todos los meses pagan su cuota.<\/em><\/p>\n<p><strong>\u00a0\u00a0Tengo el pedido concreto de nuestra Se\u00f1ora Intendenta Patricia Lav\u00edn de darle el total apoyo de la Direcci\u00f3n de la Producci\u00f3n y desde la creaci\u00f3n de esta idea,\u00a0 de este emprendimiento acompa\u00f1ar todo el proceso hasta\u00a0 hacerlo realidad\u00a0 entre todos . Finalizo Bernado Bilbao\u00a0<\/strong><\/p>\n<p>&nbsp;<\/p>\n<audio class=\"wp-audio-shortcode\" id=\"audio-4466-1\" preload=\"none\" style=\"width: 100%;\" controls=\"controls\"><source type=\"audio\/mpeg\" src=\"http:\/\/oasisfm935.com\/site\/wp-content\/uploads\/2020\/05\/AUIDO-CON-BERNADO.mp3?_=1\" \/><a href=\"http:\/\/oasisfm935.com\/site\/wp-content\/uploads\/2020\/05\/AUIDO-CON-BERNADO.mp3\">http:\/\/oasisfm935.com\/site\/wp-content\/uploads\/2020\/05\/AUIDO-CON-BERNADO.mp3<\/a><\/audio>\n<p><img decoding=\"async\" src=\"https:\/\/scontent.frsa4-1.fna.fbcdn.net\/v\/t1.0-9\/96076190_3004529222963890_7011843773567074304_n.jpg?_nc_cat=105&amp;_nc_sid=110474&amp;_nc_eui2=AeGItmsXayjBmGYfTmuXw7ONrBUHlTVq4KGsFQeVNWrgodfWO7lca0H3j7CLO5lcSqcSiUsGIkltesBbUAe5H0Ud&amp;_nc_oc=AQknei0heR5Ne3g_uxsRCH9AvHTfSIkA0cRcLVc4msj8bN9AxgSW02DU-oeyO6OAza8&amp;_nc_ht=scontent.frsa4-1.fna&amp;oh=24aca3d28213510a7a8ab409246406f1&amp;oe=5ED6439D\" alt=\"La imagen puede contener: texto\" \/><\/p><\/blockquote>\n<div class=\"oasis-despues-del-contenido\" id=\"oasis-3010981517\"><img loading=\"lazy\" decoding=\"async\" src=\"https:\/\/oasisfm935.com.ar\/site\/wp-content\/uploads\/2020\/08\/47806202-8741-49f2-a5c9-d2f930e5baa1.jpg\" alt=\"\"  srcset=\"https:\/\/oasisfm935.com.ar\/site\/wp-content\/uploads\/2020\/08\/47806202-8741-49f2-a5c9-d2f930e5baa1.jpg 1080w, https:\/\/oasisfm935.com.ar\/site\/wp-content\/uploads\/2020\/08\/47806202-8741-49f2-a5c9-d2f930e5baa1-300x300.jpg 300w, https:\/\/oasisfm935.com.ar\/site\/wp-content\/uploads\/2020\/08\/47806202-8741-49f2-a5c9-d2f930e5baa1-1024x1024.jpg 1024w, https:\/\/oasisfm935.com.ar\/site\/wp-content\/uploads\/2020\/08\/47806202-8741-49f2-a5c9-d2f930e5baa1-150x150.jpg 150w, https:\/\/oasisfm935.com.ar\/site\/wp-content\/uploads\/2020\/08\/47806202-8741-49f2-a5c9-d2f930e5baa1-768x768.jpg 768w\" sizes=\"(max-width: 1080px) 100vw, 1080px\" class=\"no-lazyload\" width=\"1080\" height=\"1080\"  style=\"display: inline-block;\" \/><\/div>","protected":false},"excerpt":{"rendered":"<p>En comunicaci\u00f3n con Fm oasis Bernado Bilbao comento :\u00a0 Hoy d\u00eda martes 5 de mayo todas aquellas personas que est\u00e9n interesadas en<\/p>\n","protected":false},"author":4,"featured_media":4467,"comment_status":"closed","ping_status":"open","sticky":false,"template":"","format":"standard","meta":{"colormag_page_layout":"default_layout","footnotes":""},"categories":[2],"tags":[],"class_list":["post-4466","post","type-post","status-publish","format-standard","has-post-thumbnail","hentry","category-noticias"],"_links":{"self":[{"href":"https:\/\/oasisfm935.com.ar\/site\/wp-json\/wp\/v2\/posts\/4466","targetHints":{"allow":["GET"]}}],"collection":[{"href":"https:\/\/oasisfm935.com.ar\/site\/wp-json\/wp\/v2\/posts"}],"about":[{"href":"https:\/\/oasisfm935.com.ar\/site\/wp-json\/wp\/v2\/types\/post"}],"author":[{"embeddable":true,"href":"https:\/\/oasisfm935.com.ar\/site\/wp-json\/wp\/v2\/users\/4"}],"replies":[{"embeddable":true,"href":"https:\/\/oasisfm935.com.ar\/site\/wp-json\/wp\/v2\/comments?post=4466"}],"version-history":[{"count":5,"href":"https:\/\/oasisfm935.com.ar\/site\/wp-json\/wp\/v2\/posts\/4466\/revisions"}],"predecessor-version":[{"id":4473,"href":"https:\/\/oasisfm935.com.ar\/site\/wp-json\/wp\/v2\/posts\/4466\/revisions\/4473"}],"wp:featuredmedia":[{"embeddable":true,"href":"https:\/\/oasisfm935.com.ar\/site\/wp-json\/wp\/v2\/media\/4467"}],"wp:attachment":[{"href":"https:\/\/oasisfm935.com.ar\/site\/wp-json\/wp\/v2\/media?parent=4466"}],"wp:term":[{"taxonomy":"category","embeddable":true,"href":"https:\/\/oasisfm935.com.ar\/site\/wp-json\/wp\/v2\/categories?post=4466"},{"taxonomy":"post_tag","embeddable":true,"href":"https:\/\/oasisfm935.com.ar\/site\/wp-json\/wp\/v2\/tags?post=4466"}],"curies":[{"name":"wp","href":"https:\/\/api.w.org\/{rel}","templated":true}]}}