{"id":4475,"date":"2020-05-05T17:02:50","date_gmt":"2020-05-05T20:02:50","guid":{"rendered":"http:\/\/oasisfm935.com\/site\/?p=4475"},"modified":"2020-05-05T17:02:50","modified_gmt":"2020-05-05T20:02:50","slug":"ingeniero-luiggi-se-abono-la-asignacion-especial-para-el-personal-policial","status":"publish","type":"post","link":"https:\/\/oasisfm935.com.ar\/site\/ingeniero-luiggi-se-abono-la-asignacion-especial-para-el-personal-policial\/","title":{"rendered":"Ingeniero Luiggi : Se abon\u00f3 la asignaci\u00f3n especial para el personal policial"},"content":{"rendered":"<p><strong>El aporte\u00a0de 5.000 pesos, fue acreditado en la Liquidaci\u00f3n General correspondiente al mes de abril pasado.<\/strong><\/p>\n<p>El Poder Ejecutivo Provincial comunic\u00f3 que de acuerdo a lo establecido en el Decreto N\u00b0 724\/20, se abon\u00f3 en la Liquidaci\u00f3n General del mes de abril del corriente a\u00f1o una Asignaci\u00f3n Est\u00edmulo denominada\u00a0\u201cEmergencia Sanitaria COVID-19\u201d de 5.000 pesos al personal de las fuerzas de seguridad provincial que se encuentran abocados al desempe\u00f1o de tareas relacionadas con la contenci\u00f3n de la pandemia.<\/p>\n<p>Esta medida representa un gran esfuerzo para el tesoro provincial y demuestra que el Gobierno de la provincia de La Pampa asumi\u00f3 una postura activa y en estrecha coordinaci\u00f3n con el Gobierno nacional frente a la pandemia declarada por el coronavirus COVID-19.<\/p>\n<div class=\"oasis-despues-del-contenido\" id=\"oasis-254993569\"><img loading=\"lazy\" decoding=\"async\" src=\"https:\/\/oasisfm935.com.ar\/site\/wp-content\/uploads\/2020\/08\/47806202-8741-49f2-a5c9-d2f930e5baa1.jpg\" alt=\"\"  srcset=\"https:\/\/oasisfm935.com.ar\/site\/wp-content\/uploads\/2020\/08\/47806202-8741-49f2-a5c9-d2f930e5baa1.jpg 1080w, https:\/\/oasisfm935.com.ar\/site\/wp-content\/uploads\/2020\/08\/47806202-8741-49f2-a5c9-d2f930e5baa1-300x300.jpg 300w, https:\/\/oasisfm935.com.ar\/site\/wp-content\/uploads\/2020\/08\/47806202-8741-49f2-a5c9-d2f930e5baa1-1024x1024.jpg 1024w, https:\/\/oasisfm935.com.ar\/site\/wp-content\/uploads\/2020\/08\/47806202-8741-49f2-a5c9-d2f930e5baa1-150x150.jpg 150w, https:\/\/oasisfm935.com.ar\/site\/wp-content\/uploads\/2020\/08\/47806202-8741-49f2-a5c9-d2f930e5baa1-768x768.jpg 768w\" sizes=\"(max-width: 1080px) 100vw, 1080px\" class=\"no-lazyload\" width=\"1080\" height=\"1080\"  style=\"display: inline-block;\" \/><\/div>","protected":false},"excerpt":{"rendered":"<p>El aporte\u00a0de 5.000 pesos, fue acreditado en la Liquidaci\u00f3n General correspondiente al mes de abril pasado. El Poder Ejecutivo Provincial comunic\u00f3 que<\/p>\n","protected":false},"author":4,"featured_media":4476,"comment_status":"closed","ping_status":"open","sticky":false,"template":"","format":"standard","meta":{"colormag_page_layout":"default_layout","footnotes":""},"categories":[2],"tags":[],"class_list":["post-4475","post","type-post","status-publish","format-standard","has-post-thumbnail","hentry","category-noticias"],"_links":{"self":[{"href":"https:\/\/oasisfm935.com.ar\/site\/wp-json\/wp\/v2\/posts\/4475","targetHints":{"allow":["GET"]}}],"collection":[{"href":"https:\/\/oasisfm935.com.ar\/site\/wp-json\/wp\/v2\/posts"}],"about":[{"href":"https:\/\/oasisfm935.com.ar\/site\/wp-json\/wp\/v2\/types\/post"}],"author":[{"embeddable":true,"href":"https:\/\/oasisfm935.com.ar\/site\/wp-json\/wp\/v2\/users\/4"}],"replies":[{"embeddable":true,"href":"https:\/\/oasisfm935.com.ar\/site\/wp-json\/wp\/v2\/comments?post=4475"}],"version-history":[{"count":1,"href":"https:\/\/oasisfm935.com.ar\/site\/wp-json\/wp\/v2\/posts\/4475\/revisions"}],"predecessor-version":[{"id":4477,"href":"https:\/\/oasisfm935.com.ar\/site\/wp-json\/wp\/v2\/posts\/4475\/revisions\/4477"}],"wp:featuredmedia":[{"embeddable":true,"href":"https:\/\/oasisfm935.com.ar\/site\/wp-json\/wp\/v2\/media\/4476"}],"wp:attachment":[{"href":"https:\/\/oasisfm935.com.ar\/site\/wp-json\/wp\/v2\/media?parent=4475"}],"wp:term":[{"taxonomy":"category","embeddable":true,"href":"https:\/\/oasisfm935.com.ar\/site\/wp-json\/wp\/v2\/categories?post=4475"},{"taxonomy":"post_tag","embeddable":true,"href":"https:\/\/oasisfm935.com.ar\/site\/wp-json\/wp\/v2\/tags?post=4475"}],"curies":[{"name":"wp","href":"https:\/\/api.w.org\/{rel}","templated":true}]}}