{"id":4480,"date":"2020-05-06T14:33:43","date_gmt":"2020-05-06T17:33:43","guid":{"rendered":"http:\/\/oasisfm935.com\/site\/?p=4480"},"modified":"2020-05-06T14:33:43","modified_gmt":"2020-05-06T17:33:43","slug":"ziliotto-suma-a-los-intendentes-a-administrar-la-cuarentena-focalizada","status":"publish","type":"post","link":"https:\/\/oasisfm935.com.ar\/site\/ziliotto-suma-a-los-intendentes-a-administrar-la-cuarentena-focalizada\/","title":{"rendered":"Ziliotto suma a los intendentes a \u201cadministrar la cuarentena focalizada\u201d"},"content":{"rendered":"<p class=\"lead nota-detalle-bajada\">El gobernador, Sergio Ziliotto les plante\u00f3 a los intendentes de toda la Provincia que lleg\u00f3 el momento que los municipios \u201ccompartan con el Gobierno provincial la responsabilidad de administrar la cuarentena focalizada\u201d. Aclar\u00f3 que el Gobierno provincial seguir\u00e1 teniendo el control final y ser\u00e1 quien decida en el caso de las localidades con m\u00e1s poblaci\u00f3n y mayor riesgo de circulaci\u00f3n viral.<\/p>\n<div class=\"nota-detalle-cuerpo\">A trav\u00e9s de una videoconferencia con todos los intendentes pampeanos, de la que participaron funcionarios de distintas \u00e1reas del gabinete, el Gobernador dijo que \u201ces momento de comenzar a replicar en la Provincia la metodolog\u00eda que aplica el Gobierno nacional y que el Gobierno provincial comparta con los municipios la responsabilidad de administrar la cuarentena focalizada\u201d.<br \/>\nDijo que para implementar cambios en la cuarentena se deber\u00e1 tener en cuenta la ubicaci\u00f3n geogr\u00e1fica, densidad poblacional y la evoluci\u00f3n de los status sanitarios de cada una de las localidades y de la Provincia en general.<br \/>\n\u201cQueremos emplear el mismo esquema que el Gobierno nacional y continuar teniendo el control general sobre las medidas epidemiol\u00f3gicas, pero que sean los intendentes quienes puedan manejar, por ejemplo, los horarios del comercio o de las caminatas saludables que se han habilitado\u201d.<br \/>\nEn este sentido puntualiz\u00f3 que las localidades tienen realidades dis\u00edmiles, inclusive desde lo geogr\u00e1fico, \u201cno es lo mismo 25 de Mayo por su cercan\u00eda con Catriel, que Winifreda que est\u00e1 alejada de poblaciones con circulaci\u00f3n viral\u201d.<br \/>\n\u201cBajo el esquema de cuarentenas focalizadas siempre hay que tener en cuenta el status sanitario propio y de las localidades vecinas. Se trata de ser responsables y aplicar el sentido com\u00fan\u201d, enfatiz\u00f3.<\/p>\n<p><strong>Regreso a casa<\/strong><br \/>\nZiliotto subray\u00f3 la necesidad de \u201cconcentrar los esfuerzos para que el ingreso de los pampeanos que vengan de otras provincias no sea el motivo para que el virus entre y circule por La Pampa\u201d.<br \/>\nEn este sentido dijo que el registro de quienes pretenden reingresar a la Provincia \u201cser\u00e1 administrado en forma conjunta con los municipios. La idea es habilitar los permisos de ingreso en virtud de la capacidad de control sanitario que tenga el sistema de salud\u201d.<br \/>\nSe\u00f1al\u00f3 que la premisa es que quienes ingresen deben estar \u201caislados y concentrados\u201d y ratific\u00f3 que todo pampeano que regrese a la Provincia deber\u00e1 permanecer aislado 14 d\u00edas.<br \/>\nSe les inform\u00f3 a los jefes comunales que a partir de hoy 6 de mayo cada veh\u00edculo que ingrese a la Provincia, ser\u00e1 informado a la localidad a la que se dirige por la caminera que lo registre.<br \/>\n\u201cNo podemos dilapidar el esfuerzo que han hecho los pampeanos hasta ahora, debemos seguir actuando con la responsabilidad que implica saber que la salud y la vida de los pampeanos depende de nuestras acciones\u201d, expres\u00f3 el mandatario.<\/p>\n<p><strong>Programas en marcha<\/strong><br \/>\nEn el marco del extenso di\u00e1logo con los intendentes se les inform\u00f3 bajo qu\u00e9 modalidad se implementar\u00e1n los programas que el Gobierno provincial ejecuta en temporada de invierno.<br \/>\nSe inform\u00f3 que el Pro Vida de invierno tendr\u00e1 una modalidad diferente este a\u00f1o, donde el personal involucrado se mantendr\u00e1 activo a trav\u00e9s de distintas capacitaciones que se han dise\u00f1ado. Se anticip\u00f3 que se destinar\u00e1n 32 millones de pesos para la implementaci\u00f3n del programa en todas las localidades de la Provincia.<br \/>\nTambi\u00e9n se pondr\u00e1 en marcha el Plan Calorcito, en el que se invertir\u00e1n 9 millones de pesos y se actualizar\u00e1n los montos del programa provincial de viviendas \u201cMi Casa\u201d.<\/div>\n<div class=\"oasis-despues-del-contenido\" id=\"oasis-1070604510\"><img loading=\"lazy\" decoding=\"async\" src=\"https:\/\/oasisfm935.com.ar\/site\/wp-content\/uploads\/2020\/08\/47806202-8741-49f2-a5c9-d2f930e5baa1.jpg\" alt=\"\"  srcset=\"https:\/\/oasisfm935.com.ar\/site\/wp-content\/uploads\/2020\/08\/47806202-8741-49f2-a5c9-d2f930e5baa1.jpg 1080w, https:\/\/oasisfm935.com.ar\/site\/wp-content\/uploads\/2020\/08\/47806202-8741-49f2-a5c9-d2f930e5baa1-300x300.jpg 300w, https:\/\/oasisfm935.com.ar\/site\/wp-content\/uploads\/2020\/08\/47806202-8741-49f2-a5c9-d2f930e5baa1-1024x1024.jpg 1024w, https:\/\/oasisfm935.com.ar\/site\/wp-content\/uploads\/2020\/08\/47806202-8741-49f2-a5c9-d2f930e5baa1-150x150.jpg 150w, https:\/\/oasisfm935.com.ar\/site\/wp-content\/uploads\/2020\/08\/47806202-8741-49f2-a5c9-d2f930e5baa1-768x768.jpg 768w\" sizes=\"(max-width: 1080px) 100vw, 1080px\" class=\"no-lazyload\" width=\"1080\" height=\"1080\"  style=\"display: inline-block;\" \/><\/div>","protected":false},"excerpt":{"rendered":"<p>El gobernador, Sergio Ziliotto les plante\u00f3 a los intendentes de toda la Provincia que lleg\u00f3 el momento que los municipios \u201ccompartan con<\/p>\n","protected":false},"author":4,"featured_media":4481,"comment_status":"closed","ping_status":"open","sticky":false,"template":"","format":"standard","meta":{"colormag_page_layout":"default_layout","footnotes":""},"categories":[2],"tags":[],"class_list":["post-4480","post","type-post","status-publish","format-standard","has-post-thumbnail","hentry","category-noticias"],"_links":{"self":[{"href":"https:\/\/oasisfm935.com.ar\/site\/wp-json\/wp\/v2\/posts\/4480","targetHints":{"allow":["GET"]}}],"collection":[{"href":"https:\/\/oasisfm935.com.ar\/site\/wp-json\/wp\/v2\/posts"}],"about":[{"href":"https:\/\/oasisfm935.com.ar\/site\/wp-json\/wp\/v2\/types\/post"}],"author":[{"embeddable":true,"href":"https:\/\/oasisfm935.com.ar\/site\/wp-json\/wp\/v2\/users\/4"}],"replies":[{"embeddable":true,"href":"https:\/\/oasisfm935.com.ar\/site\/wp-json\/wp\/v2\/comments?post=4480"}],"version-history":[{"count":1,"href":"https:\/\/oasisfm935.com.ar\/site\/wp-json\/wp\/v2\/posts\/4480\/revisions"}],"predecessor-version":[{"id":4482,"href":"https:\/\/oasisfm935.com.ar\/site\/wp-json\/wp\/v2\/posts\/4480\/revisions\/4482"}],"wp:featuredmedia":[{"embeddable":true,"href":"https:\/\/oasisfm935.com.ar\/site\/wp-json\/wp\/v2\/media\/4481"}],"wp:attachment":[{"href":"https:\/\/oasisfm935.com.ar\/site\/wp-json\/wp\/v2\/media?parent=4480"}],"wp:term":[{"taxonomy":"category","embeddable":true,"href":"https:\/\/oasisfm935.com.ar\/site\/wp-json\/wp\/v2\/categories?post=4480"},{"taxonomy":"post_tag","embeddable":true,"href":"https:\/\/oasisfm935.com.ar\/site\/wp-json\/wp\/v2\/tags?post=4480"}],"curies":[{"name":"wp","href":"https:\/\/api.w.org\/{rel}","templated":true}]}}