{"id":4484,"date":"2020-05-07T12:54:24","date_gmt":"2020-05-07T15:54:24","guid":{"rendered":"http:\/\/oasisfm935.com\/site\/?p=4484"},"modified":"2020-05-07T13:12:34","modified_gmt":"2020-05-07T16:12:34","slug":"sergio-ziliotto-anuncio-que-desde-el-sabado-sera-obligatorio-en-toda-la-pampa-el-uso-del-tapabocas","status":"publish","type":"post","link":"https:\/\/oasisfm935.com.ar\/site\/sergio-ziliotto-anuncio-que-desde-el-sabado-sera-obligatorio-en-toda-la-pampa-el-uso-del-tapabocas\/","title":{"rendered":"Sergio Ziliotto anunci\u00f3 que, desde el s\u00e1bado, ser\u00e1 obligatorio en toda La Pampa el uso del tapabocas."},"content":{"rendered":"<p>El gobernador<strong>\u00a0Sergio Ziliotto<\/strong>\u00a0anunci\u00f3 que, desde el s\u00e1bado 9, ser\u00e1 obligatorio en toda La Pampa el uso del tapabocas.<\/p>\n<p>\u201cVamos a tomar decisiones que tienen que ver con lo sanitario y tambi\u00e9n con lo econ\u00f3mico\u201d, dijo el mandatario, al iniciar la conferencia de prensa desde el Sal\u00f3n de Acuerdos. \u201cHab\u00edamos comenzado un camino, a partir de la fortaleza sanitaria que entre todos hab\u00edamos logrado, con una apertura de la econom\u00eda. Sin dejar de lado de ver cu\u00e1l es el status sanitario en La Pampa, donde llevamos 28 d\u00edas sin casos positivos, se empezaron a tomar medidas para abrir la actividad econ\u00f3mica. Pero hay algo muy vinculado con lo sanitario, que tiene que ver con lo clim\u00e1tico: ha llegado el fr\u00edo a La Pampa, con lo que es una \u00e9poca propensa a las enfermedades respiratorias\u201d, dijo. \u00abAhora\u00a0 hay mayor actividad econ\u00f3mica y mayor circulaci\u00f3n.\u00a0\u00a0<strong>Por eso ser\u00e1 obligatorio el cubreboca de nariz, boca y ment\u00f3n en todo lugar cerrado al p\u00fablico<\/strong>\u00ab, anunci\u00f3.<\/p>\n<p><strong>Contadores y abogados, con atenci\u00f3n al p\u00fablico<\/strong><\/p>\n<p>El Comit\u00e9 de Crisis de La Pampa escuch\u00f3 el reclamo de los abogados y contadores y desde la semana pr\u00f3xima podr\u00e1n atender al p\u00fablico. \u00abPodr\u00e1n atender, con turnos\u00bb, dijo el gobernador.<\/p>\n<p>&nbsp;<\/p>\n<p><strong>Caminatas<\/strong><\/p>\n<p>Los intendentes de pueblos de menos de 5 mil habitantes podr\u00e1n flexibilizar los horarios de comercio y caminatas. Lo anunci\u00f3 el gobernador Sergio Ziliotto.<\/p>\n<p>Hasta el momento, las caminatas se pueden desarrollar los d\u00edas s\u00e1bados, domingos y feriados.<\/p>\n<div class=\"google-auto-placed ap_container\"><\/div>\n<p>Estas autorizaciones son para las intendencias de menos de 5 mil habitantes, a excepci\u00f3n de La Adela.<\/p>\n<p>&nbsp;<\/p>\n<p><strong>M\u00e1s apertura de los comercios<\/strong><\/p>\n<p>Los comercios ahora podr\u00e1n abrir todos los s\u00e1bado de 8 a 13 horas. Adem\u00e1s, tambi\u00e9n podr\u00e1n seguir abriendo de 14 a 18 horas de lunes a viernes.<\/p>\n<p>&nbsp;<\/p>\n<div class=\"oasis-despues-del-contenido\" id=\"oasis-745897442\"><img loading=\"lazy\" decoding=\"async\" src=\"https:\/\/oasisfm935.com.ar\/site\/wp-content\/uploads\/2020\/08\/47806202-8741-49f2-a5c9-d2f930e5baa1.jpg\" alt=\"\"  srcset=\"https:\/\/oasisfm935.com.ar\/site\/wp-content\/uploads\/2020\/08\/47806202-8741-49f2-a5c9-d2f930e5baa1.jpg 1080w, https:\/\/oasisfm935.com.ar\/site\/wp-content\/uploads\/2020\/08\/47806202-8741-49f2-a5c9-d2f930e5baa1-300x300.jpg 300w, https:\/\/oasisfm935.com.ar\/site\/wp-content\/uploads\/2020\/08\/47806202-8741-49f2-a5c9-d2f930e5baa1-1024x1024.jpg 1024w, https:\/\/oasisfm935.com.ar\/site\/wp-content\/uploads\/2020\/08\/47806202-8741-49f2-a5c9-d2f930e5baa1-150x150.jpg 150w, https:\/\/oasisfm935.com.ar\/site\/wp-content\/uploads\/2020\/08\/47806202-8741-49f2-a5c9-d2f930e5baa1-768x768.jpg 768w\" sizes=\"(max-width: 1080px) 100vw, 1080px\" class=\"no-lazyload\" width=\"1080\" height=\"1080\"  style=\"display: inline-block;\" \/><\/div>","protected":false},"excerpt":{"rendered":"<p>El gobernador\u00a0Sergio Ziliotto\u00a0anunci\u00f3 que, desde el s\u00e1bado 9, ser\u00e1 obligatorio en toda La Pampa el uso del tapabocas. \u201cVamos a tomar decisiones<\/p>\n","protected":false},"author":4,"featured_media":4485,"comment_status":"closed","ping_status":"open","sticky":false,"template":"","format":"standard","meta":{"colormag_page_layout":"default_layout","footnotes":""},"categories":[2],"tags":[],"class_list":["post-4484","post","type-post","status-publish","format-standard","has-post-thumbnail","hentry","category-noticias"],"_links":{"self":[{"href":"https:\/\/oasisfm935.com.ar\/site\/wp-json\/wp\/v2\/posts\/4484","targetHints":{"allow":["GET"]}}],"collection":[{"href":"https:\/\/oasisfm935.com.ar\/site\/wp-json\/wp\/v2\/posts"}],"about":[{"href":"https:\/\/oasisfm935.com.ar\/site\/wp-json\/wp\/v2\/types\/post"}],"author":[{"embeddable":true,"href":"https:\/\/oasisfm935.com.ar\/site\/wp-json\/wp\/v2\/users\/4"}],"replies":[{"embeddable":true,"href":"https:\/\/oasisfm935.com.ar\/site\/wp-json\/wp\/v2\/comments?post=4484"}],"version-history":[{"count":3,"href":"https:\/\/oasisfm935.com.ar\/site\/wp-json\/wp\/v2\/posts\/4484\/revisions"}],"predecessor-version":[{"id":4488,"href":"https:\/\/oasisfm935.com.ar\/site\/wp-json\/wp\/v2\/posts\/4484\/revisions\/4488"}],"wp:featuredmedia":[{"embeddable":true,"href":"https:\/\/oasisfm935.com.ar\/site\/wp-json\/wp\/v2\/media\/4485"}],"wp:attachment":[{"href":"https:\/\/oasisfm935.com.ar\/site\/wp-json\/wp\/v2\/media?parent=4484"}],"wp:term":[{"taxonomy":"category","embeddable":true,"href":"https:\/\/oasisfm935.com.ar\/site\/wp-json\/wp\/v2\/categories?post=4484"},{"taxonomy":"post_tag","embeddable":true,"href":"https:\/\/oasisfm935.com.ar\/site\/wp-json\/wp\/v2\/tags?post=4484"}],"curies":[{"name":"wp","href":"https:\/\/api.w.org\/{rel}","templated":true}]}}