{"id":4500,"date":"2020-05-11T15:46:02","date_gmt":"2020-05-11T18:46:02","guid":{"rendered":"http:\/\/oasisfm935.com\/site\/?p=4500"},"modified":"2020-05-11T15:46:02","modified_gmt":"2020-05-11T18:46:02","slug":"ingeniero-luiggi-juntan-firmas-para-que-aprueben-plan-de-uso-de-la-bicicleta-en-tiempo-de-pandemia","status":"publish","type":"post","link":"https:\/\/oasisfm935.com.ar\/site\/ingeniero-luiggi-juntan-firmas-para-que-aprueben-plan-de-uso-de-la-bicicleta-en-tiempo-de-pandemia\/","title":{"rendered":"Ingeniero Luiggi : Juntan firmas para que aprueben plan de uso de la bicicleta en tiempo de pandemia"},"content":{"rendered":"<p>Los bikers luiggenses y de la zona, se sumaron al pedido de la organizaci\u00f3n \u201c<a href=\"https:\/\/www.change.org\/o\/entre_pedales\">Entre Pedales<\/a>\u201d\u00a0que ha iniciado una petici\u00f3n dirigida al Gobierno Nacional. Ya llevan 3.300 firmas.<\/p>\n<p><strong>Una de las tantas actividades deportivas y recreativas afectadas por esta pandemia, debido al Aislamiento Social y Preventivo es el ciclismo. Ya que no est\u00e1n autorizadas las Bicicleteada desde hace m\u00e1s de 50 d\u00edas.<\/strong><\/p>\n<p>A modo de ejemplo, podemos recordar, que para el 26 de abril estaba programada la competencia del Rural Bike en Ingeniero Luiggi, que por supuesto qued\u00f3 suspendida.<\/p>\n<p>Por ello, varios ciclistas, de la zona se suman al pedido que empez\u00f3 hace pocos d\u00edas \u201cEntre Pedales\u201d.<\/p>\n<p><img decoding=\"async\" src=\"https:\/\/www.zonalnoticias.com\/media\/k2\/items\/cache\/dd34f8fb1f04096c10fd8d144dff4d04_XL.jpg\" alt=\"ZonalNoticias - Los Bikers luiggenses se destacaron en el \u201cDesaf\u00edo ...\" \/><\/p>\n<p><strong>Seg\u00fan pudo saber Zonal Noticias, ma\u00f1ana martes a las 11 horas, un grupo de ciclistas se reunir\u00e1n con la intendenta Patricia Lav\u00edn para hablar sobre\u00a0la posibilidad<\/strong>\u00a0de que se autorice tambi\u00e9n la salida recreativa en bicicleta en la hora de esparcimiento.<\/p>\n<p><strong>Campa\u00f1a Nacional<\/strong><\/p>\n<p>La campa\u00f1a que comenz\u00f3 hace unos pocos d\u00edas, se desarrolla v\u00eda online.<\/p>\n<p><strong>El texto que ciclistas luiggenses hicieron legar a la redacci\u00f3n de Zonal Noticias dice:<\/strong><\/p>\n<blockquote><p><strong>\u201c<a href=\"https:\/\/www.facebook.com\/EntrePedalesmultiplataforma\/\">Los ciclistas de todo el pa\u00eds exigimos a todas las autoridades de todos los niveles que autoricen el uso de la bicicleta en esta dif\u00edcil coyuntura que vivimos.<\/a><\/strong><\/p>\n<p>En las grande urbes el contagio m\u00e1s importante se da en el uso del transporte p\u00fablico, para ayudar a evitar esta modalidad de contagio proponemos que se establezca de manera inmediata un protocolo para usar la bicicleta como modo de movilidad.<\/p>\n<p>Est\u00e1 comprobado que mantener altas las defensas de nuestros organismos nos ayuda a enfrentar al virus. Para ello tenemos que realizar actividad f\u00edsica y pedalear es uno de los mecanismos m\u00e1s eficaces para lograr este objetivo.<\/p>\n<p>La extensi\u00f3n y la diversidad demogr\u00e1fica de este pa\u00eds es una de sus caracter\u00edsticas, hay enormes extensiones de territorios en donde el contagio no lleg\u00f3, sin embargo a\u00fan las autoridades comunales no dejan salir a pedalear de manera individual. No advierten los beneficios que trae hacerlo.<\/p>\n<p>Solicitamos a las autoridades que arbitren las medidas urgentes tanto en el interior como en las grandes urbes, con sus particularidades, para que la sociedad en su conjunto sea beneficiada.<\/p>\n<p>Para los pueblos del interior, establecer un protocolo, para las ciudades, adem\u00e1s del protocolo queremos calles y avenidas exclusivas para el uso de la bicicleta. No es un invento nuestro, hay numerosos ejemplos de pa\u00edses europeos y latinoamericanos que ya lo est\u00e1n haciendo.<\/p>\n<p>Entidades como la Federaci\u00f3n Argentina de Ciclismo de Monta\u00f1a (FACIMO) y la C\u00e1mara Argentina de Comercio e Industria de Bicicletas, Partes, Rodados y Afines (COMMBI) cuentan con expertos en la materia que pueden asesorar a los municipios a crear ese protocolo.<\/p>\n<p>Pero lo necesitamos de manera perentoria, sin dilaci\u00f3n, como lo exige la gravedad del momento.<\/p>\n<p>Somos ciclistas urbanos, ciclo turistas y deportistas. No representamos a ninguna entidad, a ning\u00fan partido pol\u00edtico, solo nos anima el deseo de aportar ingenio, creatividad, esfuerzo en beneficio de todo el pueblo argentino. Todos entendemos que el uso de la bicicleta es un arma eficaz en contra del coronavirus\u201d.<\/p><\/blockquote>\n<p>&nbsp;<\/p>\n<p><strong>Hasta esta ma\u00f1ana ya 3.300 personas han firmado el petitorio.<\/strong><\/p>\n<p>Para firmar, hay que ingresar a siguiente link:\u00a0<a href=\"https:\/\/www.change.org\/p\/gobierno-nacional-aprueben-plan-de-uso-de-la-bicicleta-contra-el-coronavirus?signed=true\">https:\/\/www.change.org\/p\/gobierno-nacional-aprueben-plan-de-uso-de-la-bicicleta-contra-el-coronavirus?signed=true<\/a><\/p>\n<div class=\"oasis-despues-del-contenido\" id=\"oasis-1186329699\"><img loading=\"lazy\" decoding=\"async\" src=\"https:\/\/oasisfm935.com.ar\/site\/wp-content\/uploads\/2020\/08\/47806202-8741-49f2-a5c9-d2f930e5baa1.jpg\" alt=\"\"  srcset=\"https:\/\/oasisfm935.com.ar\/site\/wp-content\/uploads\/2020\/08\/47806202-8741-49f2-a5c9-d2f930e5baa1.jpg 1080w, https:\/\/oasisfm935.com.ar\/site\/wp-content\/uploads\/2020\/08\/47806202-8741-49f2-a5c9-d2f930e5baa1-300x300.jpg 300w, https:\/\/oasisfm935.com.ar\/site\/wp-content\/uploads\/2020\/08\/47806202-8741-49f2-a5c9-d2f930e5baa1-1024x1024.jpg 1024w, https:\/\/oasisfm935.com.ar\/site\/wp-content\/uploads\/2020\/08\/47806202-8741-49f2-a5c9-d2f930e5baa1-150x150.jpg 150w, https:\/\/oasisfm935.com.ar\/site\/wp-content\/uploads\/2020\/08\/47806202-8741-49f2-a5c9-d2f930e5baa1-768x768.jpg 768w\" sizes=\"(max-width: 1080px) 100vw, 1080px\" class=\"no-lazyload\" width=\"1080\" height=\"1080\"  style=\"display: inline-block;\" \/><\/div>","protected":false},"excerpt":{"rendered":"<p>Los bikers luiggenses y de la zona, se sumaron al pedido de la organizaci\u00f3n \u201cEntre Pedales\u201d\u00a0que ha iniciado una petici\u00f3n dirigida al<\/p>\n","protected":false},"author":4,"featured_media":4501,"comment_status":"closed","ping_status":"open","sticky":false,"template":"","format":"standard","meta":{"colormag_page_layout":"default_layout","footnotes":""},"categories":[2],"tags":[],"class_list":["post-4500","post","type-post","status-publish","format-standard","has-post-thumbnail","hentry","category-noticias"],"_links":{"self":[{"href":"https:\/\/oasisfm935.com.ar\/site\/wp-json\/wp\/v2\/posts\/4500","targetHints":{"allow":["GET"]}}],"collection":[{"href":"https:\/\/oasisfm935.com.ar\/site\/wp-json\/wp\/v2\/posts"}],"about":[{"href":"https:\/\/oasisfm935.com.ar\/site\/wp-json\/wp\/v2\/types\/post"}],"author":[{"embeddable":true,"href":"https:\/\/oasisfm935.com.ar\/site\/wp-json\/wp\/v2\/users\/4"}],"replies":[{"embeddable":true,"href":"https:\/\/oasisfm935.com.ar\/site\/wp-json\/wp\/v2\/comments?post=4500"}],"version-history":[{"count":1,"href":"https:\/\/oasisfm935.com.ar\/site\/wp-json\/wp\/v2\/posts\/4500\/revisions"}],"predecessor-version":[{"id":4502,"href":"https:\/\/oasisfm935.com.ar\/site\/wp-json\/wp\/v2\/posts\/4500\/revisions\/4502"}],"wp:featuredmedia":[{"embeddable":true,"href":"https:\/\/oasisfm935.com.ar\/site\/wp-json\/wp\/v2\/media\/4501"}],"wp:attachment":[{"href":"https:\/\/oasisfm935.com.ar\/site\/wp-json\/wp\/v2\/media?parent=4500"}],"wp:term":[{"taxonomy":"category","embeddable":true,"href":"https:\/\/oasisfm935.com.ar\/site\/wp-json\/wp\/v2\/categories?post=4500"},{"taxonomy":"post_tag","embeddable":true,"href":"https:\/\/oasisfm935.com.ar\/site\/wp-json\/wp\/v2\/tags?post=4500"}],"curies":[{"name":"wp","href":"https:\/\/api.w.org\/{rel}","templated":true}]}}