{"id":4517,"date":"2020-05-12T12:53:29","date_gmt":"2020-05-12T15:53:29","guid":{"rendered":"http:\/\/oasisfm935.com\/site\/?p=4517"},"modified":"2020-05-12T12:53:29","modified_gmt":"2020-05-12T15:53:29","slug":"el-gobierno-aumento-el-65-las-asignaciones-familiares","status":"publish","type":"post","link":"https:\/\/oasisfm935.com.ar\/site\/el-gobierno-aumento-el-65-las-asignaciones-familiares\/","title":{"rendered":"El gobierno aument\u00f3 el 65% las asignaciones familiares"},"content":{"rendered":"<p><strong>Los funcionarios provinciales se reunieron con los dirigentes de la Intersindical y con la Utelpa.<\/strong>\u00a0Los gremialistas plantearon la necesidad de reapertura de la paritaria salarial.<\/p>\n<p>El gobierno provincial anunci\u00f3 este martes el aumento del 65% de las asignaciones familiares que cobran los empleados p\u00fablicos. Era un reclamo desde hace varios a\u00f1os de los sindicatos, ya que ese item hab\u00eda quedado muy retrasado y no se hab\u00eda movido a pesar de las variaciones de los sueldos durante muchos a\u00f1os.<\/p>\n<p>El secretario de Trabajo, Marcelo Pedehont\u00e1a, y el subsecretario de Hacienda, Guido Bisterfeld, convocaron este martes por la ma\u00f1ana a los dirigentes de la Intersindical a un encuentro en Casa de Gobierno. All\u00ed expusieron la dif\u00edcil situaci\u00f3n financiera que atraviesan las arcas provinciales a partir de la emergencia de la pandemia del coronavirus. Tambi\u00e9n se convers\u00f3 sobre las condiciones laborales y de seguridad sanitaria en las que se dar\u00e1 la vuelta a las tareas de los trabajadores estatales.<\/p>\n<p>Los gremios escucharon y recordaron el reclamo de que se reabra la paritaria. \u00abM\u00e1s all\u00e1 de las dificultades financieras, nosotros tenemos la obligaci\u00f3n de pedir una mejora porque los trabajadores tambi\u00e9n la est\u00e1n pasando mal\u00bb, explic\u00f3 a El Diario el secretario general del gremio de los legislativos, Aldo Bafunndo.<\/p>\n<p>Los sindicalistas hab\u00edan pedido que se los sume al comit\u00e9 de crisis ante la pandemia, pero eso no fue escuchado. Por eso tambi\u00e9n los funcionarios los convocaron para hacer un informe sobre las distintas acciones que se tomaron hasta el momento.<\/p>\n<p>\u00abLa reuni\u00f3n se bas\u00f3 en el esado de situaci\u00f3n con respeto a las finanzas. Se dio un informe de los aportes que el gobierno tuvo que hacer por la pandemia. Se charl\u00f3 sobre la apertura de paritarias. Nos tomaron el pedido, compartimos la reuni\u00f3n con el gremio docente, que pidi\u00f3 que se reabriera, para discutir los temas que tenemos. Coincidimos en la urgencia. Logramos el compromiso de Pedehont\u00e1a de transmitirle al gobernador el pedido de reapertura de la paritaria\u00bb, explic\u00f3 el gremialista.<\/p>\n<p>\u00abLa \u00fanica certeza es el aumento de las asignaciones familiares. Pero a nosotros nos interesa discutir la pauta salarial. Somos conscientes de que estamos en una situaci\u00f3n dif\u00edcil. El gobierno ha actuado bien y se est\u00e1n activando sectores. Pero m\u00e1s que nada fue un informe financiero, la mayor\u00eda de los recursos fueron destinados a salud y los ingresos y la recaudaci\u00f3n ha ca\u00eddo\u00bb, dijo. \u00abLa situaci\u00f3n financiera no es buena, pero hay que atender la realidad de los compa\u00f1eros para una recomposici\u00f3n salarial, estamos desde principio de a\u00f1o sin aumento\u00bb, puntualiz\u00f3.<\/p>\n<p>\u00abNosotros hab\u00edamos pedido el incremento de las asignaciones familiares, el gobierno aument\u00f3 el 65%, pero eso no llega a todos los compa\u00f1eros. Est\u00e1 en 600 pesos por hijo ahora. Era rid\u00edculo a esta altura\u00bb, se\u00f1al\u00f3.<\/p>\n<p>Sobre la vuelta al trabajo, los funcionarios les dijeron que ser\u00e1 por grupo, por necesidad y respetando el distanciamiento social. \u00abDonde hay muchos trabajadores se tendr\u00e1n que rotar para respetar la distancia. Otros podr\u00e1n trabajar por internet. Ser\u00e1 paulatinamente y respetando los grupos de riesgo\u00bb, complet\u00f3.<\/p>\n<p><img decoding=\"async\" src=\"https:\/\/www.eldiariodelapampa.com.ar\/images\/2020\/Mayo-2020\/12-05-2020\/gremios-pedehontaa-2.jpg\" alt=\"gremios pedehontaa 2\" \/><\/p>\n<p>La secretaria general de ATE, Roxana Rechimont, cont\u00f3 que \u00ablos funcionarios expusieron las inversiones y las decisiones tomadas en el marco del Covid 19 y hablando del d\u00e9ficit que hay en la provincia a partir de la pr\u00f3rroga del pago de impuestos\u00bb.<\/p>\n<p>\u00abNos explicaron el d\u00e9ficit previsional, la ayuda que no alcanza que recibieron de Anses. Tambi\u00e9n la inversi\u00f3n que hicieron para anticipos financieros de algunos municipios\u00bb, acot\u00f3.<\/p>\n<p>Sobre el incremento en las asignaciones familaires, que ser\u00e1 retroactivo a marzo, dijo que \u00abnecesitamos que abran la paritaria general porque tenemos que tratar condiciones de trabajo adem\u00e1s de salarios\u00bb. \u00abNos vemos atravesados por esta crisis. Ziliotto dijo que no iba a recaer sobre los trabajadores, que no iba a haber descuentos en los salarios, pero tambi\u00e9n tenemos que entender que el costo de vida en la provincia es muy alto para los salarios que tenemos. Dejamos plantada esa postura y quedamos a la espera de que nos vuelvan a convocar y que tengan la voluntad pol\u00edtica de hablar las paritarias generales para que se traten estos temas en el \u00e1mbito que se tienen que dar\u00bb, concluy\u00f3.<\/p>\n<div class=\"oasis-despues-del-contenido\" id=\"oasis-2091058081\"><img loading=\"lazy\" decoding=\"async\" src=\"https:\/\/oasisfm935.com.ar\/site\/wp-content\/uploads\/2020\/08\/47806202-8741-49f2-a5c9-d2f930e5baa1.jpg\" alt=\"\"  srcset=\"https:\/\/oasisfm935.com.ar\/site\/wp-content\/uploads\/2020\/08\/47806202-8741-49f2-a5c9-d2f930e5baa1.jpg 1080w, https:\/\/oasisfm935.com.ar\/site\/wp-content\/uploads\/2020\/08\/47806202-8741-49f2-a5c9-d2f930e5baa1-300x300.jpg 300w, https:\/\/oasisfm935.com.ar\/site\/wp-content\/uploads\/2020\/08\/47806202-8741-49f2-a5c9-d2f930e5baa1-1024x1024.jpg 1024w, https:\/\/oasisfm935.com.ar\/site\/wp-content\/uploads\/2020\/08\/47806202-8741-49f2-a5c9-d2f930e5baa1-150x150.jpg 150w, https:\/\/oasisfm935.com.ar\/site\/wp-content\/uploads\/2020\/08\/47806202-8741-49f2-a5c9-d2f930e5baa1-768x768.jpg 768w\" sizes=\"(max-width: 1080px) 100vw, 1080px\" class=\"no-lazyload\" width=\"1080\" height=\"1080\"  style=\"display: inline-block;\" \/><\/div>","protected":false},"excerpt":{"rendered":"<p>Los funcionarios provinciales se reunieron con los dirigentes de la Intersindical y con la Utelpa.\u00a0Los gremialistas plantearon la necesidad de reapertura de<\/p>\n","protected":false},"author":4,"featured_media":4518,"comment_status":"closed","ping_status":"open","sticky":false,"template":"","format":"standard","meta":{"colormag_page_layout":"default_layout","footnotes":""},"categories":[2],"tags":[],"class_list":["post-4517","post","type-post","status-publish","format-standard","has-post-thumbnail","hentry","category-noticias"],"_links":{"self":[{"href":"https:\/\/oasisfm935.com.ar\/site\/wp-json\/wp\/v2\/posts\/4517","targetHints":{"allow":["GET"]}}],"collection":[{"href":"https:\/\/oasisfm935.com.ar\/site\/wp-json\/wp\/v2\/posts"}],"about":[{"href":"https:\/\/oasisfm935.com.ar\/site\/wp-json\/wp\/v2\/types\/post"}],"author":[{"embeddable":true,"href":"https:\/\/oasisfm935.com.ar\/site\/wp-json\/wp\/v2\/users\/4"}],"replies":[{"embeddable":true,"href":"https:\/\/oasisfm935.com.ar\/site\/wp-json\/wp\/v2\/comments?post=4517"}],"version-history":[{"count":1,"href":"https:\/\/oasisfm935.com.ar\/site\/wp-json\/wp\/v2\/posts\/4517\/revisions"}],"predecessor-version":[{"id":4519,"href":"https:\/\/oasisfm935.com.ar\/site\/wp-json\/wp\/v2\/posts\/4517\/revisions\/4519"}],"wp:featuredmedia":[{"embeddable":true,"href":"https:\/\/oasisfm935.com.ar\/site\/wp-json\/wp\/v2\/media\/4518"}],"wp:attachment":[{"href":"https:\/\/oasisfm935.com.ar\/site\/wp-json\/wp\/v2\/media?parent=4517"}],"wp:term":[{"taxonomy":"category","embeddable":true,"href":"https:\/\/oasisfm935.com.ar\/site\/wp-json\/wp\/v2\/categories?post=4517"},{"taxonomy":"post_tag","embeddable":true,"href":"https:\/\/oasisfm935.com.ar\/site\/wp-json\/wp\/v2\/tags?post=4517"}],"curies":[{"name":"wp","href":"https:\/\/api.w.org\/{rel}","templated":true}]}}