{"id":452,"date":"2019-01-23T17:38:00","date_gmt":"2019-01-23T20:38:00","guid":{"rendered":"http:\/\/oasisfm935.com\/site\/?p=452"},"modified":"2019-01-23T17:38:00","modified_gmt":"2019-01-23T20:38:00","slug":"este-domingo-llega-tio-rico-i-en-la-nueva-pantalla-led","status":"publish","type":"post","link":"https:\/\/oasisfm935.com.ar\/site\/este-domingo-llega-tio-rico-i-en-la-nueva-pantalla-led\/","title":{"rendered":"ESTE DOMINGO LLEGA \u00bb T\u00cdO RICO I \u00bb EN LA NUEVA PANTALLA LED"},"content":{"rendered":"<p>El pr\u00f3ximo domingo 27 de Enero se proyectar\u00e1 en la Plazoleta Marzal\u00a0 de nuestra localidad, la pel\u00edcula \u00abEl T\u00edo Rico\u00bb, un film producido, rodado y editado \u00edntegramente en la vecina localidad de Ingeniero Luiggi.<\/p>\n<p>La\u00a0 pel\u00edcula \u201cT\u00edo Rico\u201d, rodada, producida y editada \u00edntegramente en Ingeniero Luiggi por un grupo entusiasta de vecinos. La idea y direcci\u00f3n es de Ignacio Mart\u00edn, integrante de la Asociaci\u00f3n Amigos de las Cupecitas del TC. El film narra la c\u00f3mica historia de una familia que desea heredar una gran fortuna de un t\u00edo millonario, soltero, taca\u00f1o, usurero, y nada querido por la comunidad, pero surgen muchas complicaciones y un final inesperado.<\/p>\n<p>Reiteramos que la funci\u00f3n ser\u00e1 el domingo 27 , desde las 20:30 horas con el auspicio de El Gobierno de Ingeniero Luiggi\u00a0 Los esperamos !<\/p>\n<p>ENTRADA LIBRE Y GRATUITA<\/p>\n<p><span class=\"_5mfr\"><span class=\"_6qdm\">&#x1f449;<\/span><\/span>\u00a0No te lo podes perder<span class=\"_5mfr\"><span class=\"_6qdm\">&#x2757;<\/span><\/span><span class=\"_5mfr\"><span class=\"_6qdm\">&#x2757;<\/span><\/span><span class=\"_5mfr\"><span class=\"_6qdm\">&#x2757;<\/span><\/span><\/p>\n<div class=\"oasis-despues-del-contenido\" id=\"oasis-1234000352\"><img loading=\"lazy\" decoding=\"async\" src=\"https:\/\/oasisfm935.com.ar\/site\/wp-content\/uploads\/2020\/08\/47806202-8741-49f2-a5c9-d2f930e5baa1.jpg\" alt=\"\"  srcset=\"https:\/\/oasisfm935.com.ar\/site\/wp-content\/uploads\/2020\/08\/47806202-8741-49f2-a5c9-d2f930e5baa1.jpg 1080w, https:\/\/oasisfm935.com.ar\/site\/wp-content\/uploads\/2020\/08\/47806202-8741-49f2-a5c9-d2f930e5baa1-300x300.jpg 300w, https:\/\/oasisfm935.com.ar\/site\/wp-content\/uploads\/2020\/08\/47806202-8741-49f2-a5c9-d2f930e5baa1-1024x1024.jpg 1024w, https:\/\/oasisfm935.com.ar\/site\/wp-content\/uploads\/2020\/08\/47806202-8741-49f2-a5c9-d2f930e5baa1-150x150.jpg 150w, https:\/\/oasisfm935.com.ar\/site\/wp-content\/uploads\/2020\/08\/47806202-8741-49f2-a5c9-d2f930e5baa1-768x768.jpg 768w\" sizes=\"(max-width: 1080px) 100vw, 1080px\" class=\"no-lazyload\" width=\"1080\" height=\"1080\"  style=\"display: inline-block;\" \/><\/div>","protected":false},"excerpt":{"rendered":"<p>El pr\u00f3ximo domingo 27 de Enero se proyectar\u00e1 en la Plazoleta Marzal\u00a0 de nuestra localidad, la pel\u00edcula \u00abEl T\u00edo Rico\u00bb, un film<\/p>\n","protected":false},"author":4,"featured_media":453,"comment_status":"closed","ping_status":"open","sticky":false,"template":"","format":"standard","meta":{"colormag_page_layout":"default_layout","footnotes":""},"categories":[2],"tags":[],"class_list":["post-452","post","type-post","status-publish","format-standard","has-post-thumbnail","hentry","category-noticias"],"_links":{"self":[{"href":"https:\/\/oasisfm935.com.ar\/site\/wp-json\/wp\/v2\/posts\/452","targetHints":{"allow":["GET"]}}],"collection":[{"href":"https:\/\/oasisfm935.com.ar\/site\/wp-json\/wp\/v2\/posts"}],"about":[{"href":"https:\/\/oasisfm935.com.ar\/site\/wp-json\/wp\/v2\/types\/post"}],"author":[{"embeddable":true,"href":"https:\/\/oasisfm935.com.ar\/site\/wp-json\/wp\/v2\/users\/4"}],"replies":[{"embeddable":true,"href":"https:\/\/oasisfm935.com.ar\/site\/wp-json\/wp\/v2\/comments?post=452"}],"version-history":[{"count":1,"href":"https:\/\/oasisfm935.com.ar\/site\/wp-json\/wp\/v2\/posts\/452\/revisions"}],"predecessor-version":[{"id":454,"href":"https:\/\/oasisfm935.com.ar\/site\/wp-json\/wp\/v2\/posts\/452\/revisions\/454"}],"wp:featuredmedia":[{"embeddable":true,"href":"https:\/\/oasisfm935.com.ar\/site\/wp-json\/wp\/v2\/media\/453"}],"wp:attachment":[{"href":"https:\/\/oasisfm935.com.ar\/site\/wp-json\/wp\/v2\/media?parent=452"}],"wp:term":[{"taxonomy":"category","embeddable":true,"href":"https:\/\/oasisfm935.com.ar\/site\/wp-json\/wp\/v2\/categories?post=452"},{"taxonomy":"post_tag","embeddable":true,"href":"https:\/\/oasisfm935.com.ar\/site\/wp-json\/wp\/v2\/tags?post=452"}],"curies":[{"name":"wp","href":"https:\/\/api.w.org\/{rel}","templated":true}]}}