{"id":4520,"date":"2020-05-12T14:45:17","date_gmt":"2020-05-12T17:45:17","guid":{"rendered":"http:\/\/oasisfm935.com\/site\/?p=4520"},"modified":"2020-05-12T14:45:17","modified_gmt":"2020-05-12T17:45:17","slug":"cuarentena-unilpa-pide-mas-apertura","status":"publish","type":"post","link":"https:\/\/oasisfm935.com.ar\/site\/cuarentena-unilpa-pide-mas-apertura\/","title":{"rendered":"Cuarentena: UNILPa pide m\u00e1s apertura"},"content":{"rendered":"<p>Rub\u00e9n Gorordo reclam\u00f3 que haya un \u00abacercamiento\u00bb entre las necesidades sanitarias y econ\u00f3micas.<\/p>\n<p>Desde el sector industrial de La Pampa reclaman, a tono con algunos planteos nacionales, seguir abriendo la cuarentena a fin de que se revierta la par\u00e1lisis econ\u00f3mica.<\/p>\n<p>\u201cLo ideal es que todo el mundo pueda salir a vender, pero sabemos que va a ser duro y esto va a llevar a una recesi\u00f3n. Despacito vamos a tener que ir saliendo\u201d, dijo el presidente de la Uni\u00f3n Industrial de La Pampa, Rub\u00e9n Gorordo.<\/p>\n<p>El dirigente evalu\u00f3 el actual estado de cosas. Dijo que \u201chay un sector que est\u00e1 trabajando, parcialmente, no al 100% de horarios de trabajo ni de personal\u00bb.<\/p>\n<p>\u00abSe est\u00e1 trabajando en un protocolo en cada rubro para cuidar a los empleados y poder funcionar\u201d, insisti\u00f3.<\/p>\n<p>Gorordo a\u00f1adi\u00f3 en Radio Kerm\u00e9s: \u201cNos preocupa la parte financiera y econ\u00f3mica pero por ahora se han encarado muy bien las cosas\u00bb.<\/p>\n<p>Despu\u00e9s solt\u00f3 una frase en alusi\u00f3n a los planteos del gobierno nacional: \u00abEstamos de acuerdo en que primero est\u00e1 la salud y luego la econom\u00eda, pero tiene que haber un acercamiento entre ambas partes\u201d.<\/p>\n<p>Gorordo reconoci\u00f3 que \u201cal industrial que est\u00e1 bancarizado y ten\u00eda a sus empleados en el Banco de La Pampa, algo le ha llegado, porque hubo cr\u00e9ditos, pero hay que pagarlos. Por eso que nos interesa es volver r\u00e1pido a la producci\u00f3n\u201d.<\/p>\n<div class=\"oasis-despues-del-contenido\" id=\"oasis-363983075\"><img loading=\"lazy\" decoding=\"async\" src=\"https:\/\/oasisfm935.com.ar\/site\/wp-content\/uploads\/2020\/08\/47806202-8741-49f2-a5c9-d2f930e5baa1.jpg\" alt=\"\"  srcset=\"https:\/\/oasisfm935.com.ar\/site\/wp-content\/uploads\/2020\/08\/47806202-8741-49f2-a5c9-d2f930e5baa1.jpg 1080w, https:\/\/oasisfm935.com.ar\/site\/wp-content\/uploads\/2020\/08\/47806202-8741-49f2-a5c9-d2f930e5baa1-300x300.jpg 300w, https:\/\/oasisfm935.com.ar\/site\/wp-content\/uploads\/2020\/08\/47806202-8741-49f2-a5c9-d2f930e5baa1-1024x1024.jpg 1024w, https:\/\/oasisfm935.com.ar\/site\/wp-content\/uploads\/2020\/08\/47806202-8741-49f2-a5c9-d2f930e5baa1-150x150.jpg 150w, https:\/\/oasisfm935.com.ar\/site\/wp-content\/uploads\/2020\/08\/47806202-8741-49f2-a5c9-d2f930e5baa1-768x768.jpg 768w\" sizes=\"(max-width: 1080px) 100vw, 1080px\" class=\"no-lazyload\" width=\"1080\" height=\"1080\"  style=\"display: inline-block;\" \/><\/div>","protected":false},"excerpt":{"rendered":"<p>Rub\u00e9n Gorordo reclam\u00f3 que haya un \u00abacercamiento\u00bb entre las necesidades sanitarias y econ\u00f3micas. Desde el sector industrial de La Pampa reclaman, a<\/p>\n","protected":false},"author":4,"featured_media":2559,"comment_status":"closed","ping_status":"open","sticky":false,"template":"","format":"standard","meta":{"colormag_page_layout":"default_layout","footnotes":""},"categories":[2],"tags":[],"class_list":["post-4520","post","type-post","status-publish","format-standard","has-post-thumbnail","hentry","category-noticias"],"_links":{"self":[{"href":"https:\/\/oasisfm935.com.ar\/site\/wp-json\/wp\/v2\/posts\/4520","targetHints":{"allow":["GET"]}}],"collection":[{"href":"https:\/\/oasisfm935.com.ar\/site\/wp-json\/wp\/v2\/posts"}],"about":[{"href":"https:\/\/oasisfm935.com.ar\/site\/wp-json\/wp\/v2\/types\/post"}],"author":[{"embeddable":true,"href":"https:\/\/oasisfm935.com.ar\/site\/wp-json\/wp\/v2\/users\/4"}],"replies":[{"embeddable":true,"href":"https:\/\/oasisfm935.com.ar\/site\/wp-json\/wp\/v2\/comments?post=4520"}],"version-history":[{"count":1,"href":"https:\/\/oasisfm935.com.ar\/site\/wp-json\/wp\/v2\/posts\/4520\/revisions"}],"predecessor-version":[{"id":4521,"href":"https:\/\/oasisfm935.com.ar\/site\/wp-json\/wp\/v2\/posts\/4520\/revisions\/4521"}],"wp:featuredmedia":[{"embeddable":true,"href":"https:\/\/oasisfm935.com.ar\/site\/wp-json\/wp\/v2\/media\/2559"}],"wp:attachment":[{"href":"https:\/\/oasisfm935.com.ar\/site\/wp-json\/wp\/v2\/media?parent=4520"}],"wp:term":[{"taxonomy":"category","embeddable":true,"href":"https:\/\/oasisfm935.com.ar\/site\/wp-json\/wp\/v2\/categories?post=4520"},{"taxonomy":"post_tag","embeddable":true,"href":"https:\/\/oasisfm935.com.ar\/site\/wp-json\/wp\/v2\/tags?post=4520"}],"curies":[{"name":"wp","href":"https:\/\/api.w.org\/{rel}","templated":true}]}}