{"id":4522,"date":"2020-05-12T16:42:00","date_gmt":"2020-05-12T19:42:00","guid":{"rendered":"http:\/\/oasisfm935.com\/site\/?p=4522"},"modified":"2020-05-12T16:42:00","modified_gmt":"2020-05-12T19:42:00","slug":"jubilados-en-junio-habra-un-aumento-por-decreto","status":"publish","type":"post","link":"https:\/\/oasisfm935.com.ar\/site\/jubilados-en-junio-habra-un-aumento-por-decreto\/","title":{"rendered":"Jubilados: en junio habr\u00e1 un aumento por decreto"},"content":{"rendered":"<p>El presidente Alberto Fern\u00e1ndez anticip\u00f3 que se otorgar\u00e1 un<strong>\u00a0nuevo aumento a los jubilados en el mes de junio por decreto, aunque no especific\u00f3 el monto de ese incremento.<\/strong>\u00a0Tambi\u00e9n destac\u00f3 que\u00a0<strong>esperan aplicar la nueva f\u00f3rmula previsional para fin de a\u00f1o.<\/strong><\/p>\n<p>\u201cYa\u00a0<strong>tenemos pautado el aumento que los jubilados van a percibir en junio<\/strong>, pero\u00a0<strong>vamos a esperar que pase esto<\/strong>\u00a0para darla a conocer\u201d, explic\u00f3 Fern\u00e1ndez en di\u00e1logo con C5N.<\/p>\n<p>El presidente anticip\u00f3 que\u00a0<strong>acord\u00f3 el monto con el ministro de Trabajo, Claudio Moroni; el ministro de Econom\u00eda, Mart\u00edn Guzm\u00e1n, y la economista y vicejefa de Gabinete, Cecilia Todesca<\/strong>, pero dijo que \u00abvan a esperar a que est\u00e9 todo terminado\u00bb, en relaci\u00f3n a la crisis del coronavirus que el pa\u00eds atraviesa.<\/p>\n<p>\u201c<strong>Es muy dif\u00edcil aplicar una f\u00f3rmula. Espero que podamos resolverla y que la podamos aplicar a fin de a\u00f1o<\/strong>\u201d, sostuvo el mandatario.<\/p>\n<p>Con respecto a la\u00a0<strong>crisis de la deuda, Fern\u00e1ndez dijo: \u201cNo vamos a hacer nada que le complique la vida al pueblo.<\/strong>\u00a0Ayer estuvo Guzm\u00e1n y estuvimos hablando de ese tema. Vamos a seguir trabajando hasta domar a los que act\u00faan de este modo (contado con liqui). No hay perd\u00f3n \u00e9tico para que esto ocurra en este momento\u00bb.<\/p>\n<p>\u201cLe voy a exigir a cada uno lo que tengo que exigirle para que no maltraten a los argentinos. Hay fondos que invirtieron con total inconsciencia, sabiendo que adquir\u00edan bonos que no \u00edbamos a poder pagar. No me van a torcer el brazo\u201d, afirm\u00f3.<\/p>\n<p>Por \u00faltimo, el presidente carg\u00f3 contra quienes lo acusan de llevar al pa\u00eds a la crisis por la cuarentena. \u201cMe piden que asista a las empresas, que no emita, que no haya d\u00e9ficit fiscal y que no caigamos en default \u00bfY c\u00f3mo quieren que haga? No se puede tener todo eso\u201d, expres\u00f3.<\/p>\n<div class=\"oasis-despues-del-contenido\" id=\"oasis-3040894511\"><img loading=\"lazy\" decoding=\"async\" src=\"https:\/\/oasisfm935.com.ar\/site\/wp-content\/uploads\/2020\/08\/47806202-8741-49f2-a5c9-d2f930e5baa1.jpg\" alt=\"\"  srcset=\"https:\/\/oasisfm935.com.ar\/site\/wp-content\/uploads\/2020\/08\/47806202-8741-49f2-a5c9-d2f930e5baa1.jpg 1080w, https:\/\/oasisfm935.com.ar\/site\/wp-content\/uploads\/2020\/08\/47806202-8741-49f2-a5c9-d2f930e5baa1-300x300.jpg 300w, https:\/\/oasisfm935.com.ar\/site\/wp-content\/uploads\/2020\/08\/47806202-8741-49f2-a5c9-d2f930e5baa1-1024x1024.jpg 1024w, https:\/\/oasisfm935.com.ar\/site\/wp-content\/uploads\/2020\/08\/47806202-8741-49f2-a5c9-d2f930e5baa1-150x150.jpg 150w, https:\/\/oasisfm935.com.ar\/site\/wp-content\/uploads\/2020\/08\/47806202-8741-49f2-a5c9-d2f930e5baa1-768x768.jpg 768w\" sizes=\"(max-width: 1080px) 100vw, 1080px\" class=\"no-lazyload\" width=\"1080\" height=\"1080\"  style=\"display: inline-block;\" \/><\/div>","protected":false},"excerpt":{"rendered":"<p>El presidente Alberto Fern\u00e1ndez anticip\u00f3 que se otorgar\u00e1 un\u00a0nuevo aumento a los jubilados en el mes de junio por decreto, aunque no<\/p>\n","protected":false},"author":4,"featured_media":4523,"comment_status":"closed","ping_status":"open","sticky":false,"template":"","format":"standard","meta":{"colormag_page_layout":"default_layout","footnotes":""},"categories":[2],"tags":[],"class_list":["post-4522","post","type-post","status-publish","format-standard","has-post-thumbnail","hentry","category-noticias"],"_links":{"self":[{"href":"https:\/\/oasisfm935.com.ar\/site\/wp-json\/wp\/v2\/posts\/4522","targetHints":{"allow":["GET"]}}],"collection":[{"href":"https:\/\/oasisfm935.com.ar\/site\/wp-json\/wp\/v2\/posts"}],"about":[{"href":"https:\/\/oasisfm935.com.ar\/site\/wp-json\/wp\/v2\/types\/post"}],"author":[{"embeddable":true,"href":"https:\/\/oasisfm935.com.ar\/site\/wp-json\/wp\/v2\/users\/4"}],"replies":[{"embeddable":true,"href":"https:\/\/oasisfm935.com.ar\/site\/wp-json\/wp\/v2\/comments?post=4522"}],"version-history":[{"count":1,"href":"https:\/\/oasisfm935.com.ar\/site\/wp-json\/wp\/v2\/posts\/4522\/revisions"}],"predecessor-version":[{"id":4524,"href":"https:\/\/oasisfm935.com.ar\/site\/wp-json\/wp\/v2\/posts\/4522\/revisions\/4524"}],"wp:featuredmedia":[{"embeddable":true,"href":"https:\/\/oasisfm935.com.ar\/site\/wp-json\/wp\/v2\/media\/4523"}],"wp:attachment":[{"href":"https:\/\/oasisfm935.com.ar\/site\/wp-json\/wp\/v2\/media?parent=4522"}],"wp:term":[{"taxonomy":"category","embeddable":true,"href":"https:\/\/oasisfm935.com.ar\/site\/wp-json\/wp\/v2\/categories?post=4522"},{"taxonomy":"post_tag","embeddable":true,"href":"https:\/\/oasisfm935.com.ar\/site\/wp-json\/wp\/v2\/tags?post=4522"}],"curies":[{"name":"wp","href":"https:\/\/api.w.org\/{rel}","templated":true}]}}