{"id":4526,"date":"2020-05-12T20:46:49","date_gmt":"2020-05-12T23:46:49","guid":{"rendered":"http:\/\/oasisfm935.com\/site\/?p=4526"},"modified":"2020-05-12T21:02:20","modified_gmt":"2020-05-13T00:02:20","slug":"ingeniero-luiggi-el-area-de-cultura-convoca-a-los-artistas-locales-a-difundir-sus-habilidades-de-manera-virtual","status":"publish","type":"post","link":"https:\/\/oasisfm935.com.ar\/site\/ingeniero-luiggi-el-area-de-cultura-convoca-a-los-artistas-locales-a-difundir-sus-habilidades-de-manera-virtual\/","title":{"rendered":"Ingeniero Luiggi : El \u00e1rea de cultura convoca a los artistas locales a difundir sus habilidades de manera virtual."},"content":{"rendered":"<p><b>En comunicaci\u00f3n con Fm Oasis Norma Testa encargada del \u00e1rea de cultura del Gobierno de Ingeniero Luiggi nos comenta que comenzaron con\u00a0 una Propuesta para difundir habilidades y talentos de la cultura y el arte local desde los hogares.<\/b><\/p>\n<blockquote><p>\u00a0 \u00a0 \u00a0 \u00a0 \u00a0 \u00a0 \u00a0 \u00a0 \u00a0 \u00a0 \u00a0 \u00a0 \u00a0 \u00a0 \u00a0 \u00a0 \u00a0 \u00a0 \u00a0 \u00a0 \u00a0 \u00a0 \u00a0 \u00a0 \u00a0 \u00a0 Gracias por tenernos en cuenta y as\u00ed permitirnos dar a\u00a0 conocer lo que estamos haciendo en estos tiempo dif\u00edciles, tiempos en los cuales no obliga a reinventarnos y a seguir haciendo propuestas para la cultura, para nuestra localidad.<\/p>\n<p>Desde la Secretaria de Cultura de la Provincia se esta haciendo un relevamiento de artistas en todas sus expresiones: la m\u00fasica, danza, el teatro, literatura, artes visuales, con esto se va a constituir un mapa de artistas y as\u00ed tener un conocimiento de todas las propuestas que hay en la Provincia, para tenerlos encuenta en un futuro cuando las expresiones culturales se puedan volver a disfrutar en los distintos espacios pampeanos.<\/p>\n<p><strong>Tambi\u00e9n Testa comento:\u00a0 Ya hemos enviado a todos nuestros artistas, igualmente vamos a volver a subir a la pagina por si alguno nos qued\u00f3 sin convocar o no hemos podido llegar aun para que se inscriban en los link que aparecen y as\u00ed poder armar esta base de datos que va a ser de vital importancia para la Provincia de la Pampa.<\/strong><\/p><\/blockquote>\n<p><strong>\u00a0 \u00a0 \u00a0 \u00a0 \u00a0 \u00a0 \u00a0 \u00a0 \u00a0 \u00a0 \u00a0 \u00a0 \u00a0 \u00a0 \u00a0 \u00a0 \u00a0 \u00a0 \u00a0 \u00a0 \u00a0 \u00a0 \u00a0 \u00a0 \u00a0 <em>\u00a0 Bueno como habr\u00e1n visto desde la pagina del Gobierno Local y trabajando de manera conjunta con la gente de comunicaci\u00f3n, estamos convocando a los distintos artistas de la localidad para que puedan expresar a trav\u00e9s de un v\u00eddeo,que luego subiremos para que demuestren todas sus habilidades.\u00a0 Ya nos est\u00e1n llegando varios v\u00eddeos donde hemos visto en estos d\u00edas a nuestros m\u00fasicos, bailarines, y todo esto nos permite un peque\u00f1o recreo, en estos d\u00edas tan grises por ponerlo en un contexto, enfatiz\u00f3 Norma Testa\u00a0<\/em><\/strong><\/p>\n<p><em>Aprovecho el medio para seguir convocando aquellos\u00a0 que aun no han enviando nada o que tengan ganas de subir algo, no solamente pueden quedarse en lo que es la expresi\u00f3n de la m\u00fasica y danza si no tambi\u00e9n convocamos a los fot\u00f3grafos, pietistas, a los que se dedican a las pinturas. Tenemos la suerte de contar con un mont\u00f3n de expresiones culturales que nos dejan muy bien parado en la localidad, pueblos vecinos y en el pa\u00eds. La verdad que como luiggense uno siente orgullo con todos estos artistas .\u00a0 \u00a0 \u00a0\u00a0<\/em><\/p>\n<p>En todo este tiempo estuvimos un poquito corridos de las actividades culturales porque hemos estado abocados b\u00e1sicamente a asistir a las necesidades que iban surgiendo por coronavirus, que nos hizo mover a otro sector, ahora de apoco estamos volviendo a nuestro eje, a nuestras propuesta. Estamos abierto a todas las propuestas que nos quieran hacer para escuchar y recibir inquietudes. Como en todas las cosas, juntos podemos hacer mejores propuestas. Finalizo Norma testa<\/p>\n<p>&nbsp;<\/p>\n<div class=\"oasis-despues-del-contenido\" id=\"oasis-2273429408\"><img loading=\"lazy\" decoding=\"async\" src=\"https:\/\/oasisfm935.com.ar\/site\/wp-content\/uploads\/2020\/08\/47806202-8741-49f2-a5c9-d2f930e5baa1.jpg\" alt=\"\"  srcset=\"https:\/\/oasisfm935.com.ar\/site\/wp-content\/uploads\/2020\/08\/47806202-8741-49f2-a5c9-d2f930e5baa1.jpg 1080w, https:\/\/oasisfm935.com.ar\/site\/wp-content\/uploads\/2020\/08\/47806202-8741-49f2-a5c9-d2f930e5baa1-300x300.jpg 300w, https:\/\/oasisfm935.com.ar\/site\/wp-content\/uploads\/2020\/08\/47806202-8741-49f2-a5c9-d2f930e5baa1-1024x1024.jpg 1024w, https:\/\/oasisfm935.com.ar\/site\/wp-content\/uploads\/2020\/08\/47806202-8741-49f2-a5c9-d2f930e5baa1-150x150.jpg 150w, https:\/\/oasisfm935.com.ar\/site\/wp-content\/uploads\/2020\/08\/47806202-8741-49f2-a5c9-d2f930e5baa1-768x768.jpg 768w\" sizes=\"(max-width: 1080px) 100vw, 1080px\" class=\"no-lazyload\" width=\"1080\" height=\"1080\"  style=\"display: inline-block;\" \/><\/div>","protected":false},"excerpt":{"rendered":"<p>En comunicaci\u00f3n con Fm Oasis Norma Testa encargada del \u00e1rea de cultura del Gobierno de Ingeniero Luiggi nos comenta que comenzaron con\u00a0<\/p>\n","protected":false},"author":4,"featured_media":4527,"comment_status":"closed","ping_status":"open","sticky":false,"template":"","format":"standard","meta":{"colormag_page_layout":"default_layout","footnotes":""},"categories":[2],"tags":[],"class_list":["post-4526","post","type-post","status-publish","format-standard","has-post-thumbnail","hentry","category-noticias"],"_links":{"self":[{"href":"https:\/\/oasisfm935.com.ar\/site\/wp-json\/wp\/v2\/posts\/4526","targetHints":{"allow":["GET"]}}],"collection":[{"href":"https:\/\/oasisfm935.com.ar\/site\/wp-json\/wp\/v2\/posts"}],"about":[{"href":"https:\/\/oasisfm935.com.ar\/site\/wp-json\/wp\/v2\/types\/post"}],"author":[{"embeddable":true,"href":"https:\/\/oasisfm935.com.ar\/site\/wp-json\/wp\/v2\/users\/4"}],"replies":[{"embeddable":true,"href":"https:\/\/oasisfm935.com.ar\/site\/wp-json\/wp\/v2\/comments?post=4526"}],"version-history":[{"count":3,"href":"https:\/\/oasisfm935.com.ar\/site\/wp-json\/wp\/v2\/posts\/4526\/revisions"}],"predecessor-version":[{"id":4530,"href":"https:\/\/oasisfm935.com.ar\/site\/wp-json\/wp\/v2\/posts\/4526\/revisions\/4530"}],"wp:featuredmedia":[{"embeddable":true,"href":"https:\/\/oasisfm935.com.ar\/site\/wp-json\/wp\/v2\/media\/4527"}],"wp:attachment":[{"href":"https:\/\/oasisfm935.com.ar\/site\/wp-json\/wp\/v2\/media?parent=4526"}],"wp:term":[{"taxonomy":"category","embeddable":true,"href":"https:\/\/oasisfm935.com.ar\/site\/wp-json\/wp\/v2\/categories?post=4526"},{"taxonomy":"post_tag","embeddable":true,"href":"https:\/\/oasisfm935.com.ar\/site\/wp-json\/wp\/v2\/tags?post=4526"}],"curies":[{"name":"wp","href":"https:\/\/api.w.org\/{rel}","templated":true}]}}