{"id":4531,"date":"2020-05-13T09:34:10","date_gmt":"2020-05-13T12:34:10","guid":{"rendered":"http:\/\/oasisfm935.com\/site\/?p=4531"},"modified":"2020-05-13T09:34:40","modified_gmt":"2020-05-13T12:34:40","slug":"operativo-clamor-para-que-ziliotto-presida-el-pj","status":"publish","type":"post","link":"https:\/\/oasisfm935.com.ar\/site\/operativo-clamor-para-que-ziliotto-presida-el-pj\/","title":{"rendered":"Operativo clamor para que Ziliotto presida el PJ"},"content":{"rendered":"<p>Intendentes y legisladores provinciales de varias localidades norte\u00f1as apoyan que el gobernador Sergio Ziliotto suceda al ex gobernador Rub\u00e9n Mar\u00edn en la presidencia del Partido Justicialista (PJ) de La Pampa.<br \/>\nLa intendenta de Ingeniero Luiggi, Patricia Lav\u00edn, ayer asegur\u00f3 que est\u00e1 \u00abtotalmente\u00bb de acuerdo con las declaraciones que realiz\u00f3 Mar\u00edn en la edici\u00f3n de ayer de LA ARENA, y consider\u00f3 que no tiene dudas que Ziliotto \u00abdebe ser el pr\u00f3ximo presidente del PJ pampeano\u00bb.<\/p>\n<p>El Consejo Provincial del PJ inicialmente hab\u00eda convocado a elecciones internas partidarias para fines de mayo, pero est\u00e1 fecha qued\u00f3 postergada por la pandemia del coronavirus. Esta fue la segunda postergaci\u00f3n, dado que inicialmente estaba programada para concretar el a\u00f1o pasado, pero se postergaron para no entorpecer el proceso electoral que se desarroll\u00f3 en los meses de agosto y octubre. La renovaci\u00f3n de autoridades partidarias tambi\u00e9n se extender\u00e1 para el Consejo de Unidades B\u00e1sicas de Santa Rosa y las Unidades B\u00e1sicas de las localidades<br \/>\npampeanas.<\/p>\n<p>\u00abApoyo las declaraciones de Mar\u00edn porque considero que Ziliotto es la figura que hoy tiene que conducir el PJ pampeano\u00bb, dijo Lav\u00edn ayer en declaraciones formuladas en Radio DON de esta localidad.<br \/>\n-Lav\u00edn, \u00bfZiliotto fue un buen piloto de tormenta en medio de esta crisis econ\u00f3mica y sanitaria?<br \/>\n-Fue un muy buen piloto de tormenta en esta situaci\u00f3n, tom\u00f3 las medidas a tiempo en una situaci\u00f3n conflictiva e inesperada. El 1 de marzo escuch\u00e1bamos el discurso en la apertura de sesiones en la C\u00e1mara de Diputados de La Pampa, donde nos trazaba los lineamientos hacia donde \u00edbamos; y a los pocos d\u00edas tuvo que cambiar todo el panorama. Hay que tener mucha prudencia, ser muy pensante para llevar adelante una provincia en una situaci\u00f3n hist\u00f3rica e incomparable con la \u00faltima pandemia de la Gripe A. Realmente estuvo a la altura de las<br \/>\ncircunstancias para llevar adelante la provincia.<\/p>\n<p>&nbsp;<\/p>\n<p>Intendentes alineados.<br \/>\nEl jefe comunal de Arata, Henso Jorge Sosa, ayer no dud\u00f3 en respaldar la posibilidad que Ziliotto se constituya en el presidente del PJ pampeano. \u00abEstoy de acuerdo y le dar\u00eda el apoyo. Es un hombre joven que est\u00e1 teniendo un muy buen desempe\u00f1o y ser\u00eda un buen espaldarazo pol\u00edtico\u00bb, evalu\u00f3 el intendente norte\u00f1o.<br \/>\n\u00abZiliotto y Alberto Fern\u00e1ndez -continu\u00f3 Sosa- han demostrado su capacidad de gesti\u00f3n, defendiendo la salud del pueblo por sobre las especulaciones econ\u00f3micas\u00bb.<br \/>\nPor su parte, el intendente de Metileo, Juan Carlos Pavoni, evalu\u00f3 que actualmente el gobernador Sergio Ziliotto \u00abes un referente de la pol\u00edtica pampeana y uno de los l\u00edderes del PJ pampeano\u00bb, por lo cual est\u00e1 \u00abtotalmente de acuerdo\u00bb que presida el \u00f3rgano partidario.<\/p>\n<p>&nbsp;<\/p>\n<p>\u00abHace un mes lo manifest\u00e9\u00bb<br \/>\nEl presidente del bloque de diputados provinciales del Frente Justicialista Pampeano (Frejupa), Julio Gonz\u00e1lez, dijo que hace \u00abun mes manifest\u00e9 p\u00fablicamente que ser\u00eda saludable que Sergio Ziliotto presida el Partido Justicialista pampeano y considero que ser\u00eda la prenda de una lista de unidad\u00bb.<br \/>\n\u00abGeneralmente quien gobierna ocupa el cargo m\u00e1ximo en el PJ, por lo cual ser\u00eda muy saludable que Ziliotto presida el PJ pampeano\u00bb, destac\u00f3 el ex mandatario municipal castense.<\/p>\n<p>Por su parte, el diputado provincial Oscar Zanoli tambi\u00e9n brind\u00f3 la apoyatura para que el gobernador pampeano suceda al ex gobernador Rub\u00e9n Mar\u00edn en la presidencia del peronismo pampeano. \u00abEstoy totalmente de acuerdo, le corresponde e ir\u00e1 en esa l\u00ednea. El gobernador debe ser el presidente del PJ y los intendentes o referentes locales deben presidir las Unidades B\u00e1sicas locales porque tambi\u00e9n tenemos que ir consolidando el Frejupa que conformamos en 2019\u00bb, expres\u00f3 Zanoli.<br \/>\n\u00abEl PJ debe seguir afianzando el frente electoral que se conform\u00f3 y el gobernador Sergio Ziliotto debe tener todas las herramientas pol\u00edticas y gubernamentales para llevar adelante su gesti\u00f3n\u00bb, analiz\u00f3 el ex intendente de Ingeniero Luiggi.<br \/>\n\u00abMe parecen apropiadas las declaraciones de (Rub\u00e9n) Mar\u00edn, que de un paso al costado para que Ziliotto ocupe el cargo y el Consejo Provincial deber\u00eda estar integrado por las distintas l\u00edneas internas\u00bb, concluy\u00f3.<\/p>\n<div class=\"oasis-despues-del-contenido\" id=\"oasis-3803238788\"><img loading=\"lazy\" decoding=\"async\" src=\"https:\/\/oasisfm935.com.ar\/site\/wp-content\/uploads\/2020\/08\/47806202-8741-49f2-a5c9-d2f930e5baa1.jpg\" alt=\"\"  srcset=\"https:\/\/oasisfm935.com.ar\/site\/wp-content\/uploads\/2020\/08\/47806202-8741-49f2-a5c9-d2f930e5baa1.jpg 1080w, https:\/\/oasisfm935.com.ar\/site\/wp-content\/uploads\/2020\/08\/47806202-8741-49f2-a5c9-d2f930e5baa1-300x300.jpg 300w, https:\/\/oasisfm935.com.ar\/site\/wp-content\/uploads\/2020\/08\/47806202-8741-49f2-a5c9-d2f930e5baa1-1024x1024.jpg 1024w, https:\/\/oasisfm935.com.ar\/site\/wp-content\/uploads\/2020\/08\/47806202-8741-49f2-a5c9-d2f930e5baa1-150x150.jpg 150w, https:\/\/oasisfm935.com.ar\/site\/wp-content\/uploads\/2020\/08\/47806202-8741-49f2-a5c9-d2f930e5baa1-768x768.jpg 768w\" sizes=\"(max-width: 1080px) 100vw, 1080px\" class=\"no-lazyload\" width=\"1080\" height=\"1080\"  style=\"display: inline-block;\" \/><\/div>","protected":false},"excerpt":{"rendered":"<p>Intendentes y legisladores provinciales de varias localidades norte\u00f1as apoyan que el gobernador Sergio Ziliotto suceda al ex gobernador Rub\u00e9n Mar\u00edn en la<\/p>\n","protected":false},"author":4,"featured_media":4532,"comment_status":"closed","ping_status":"open","sticky":false,"template":"","format":"standard","meta":{"colormag_page_layout":"default_layout","footnotes":""},"categories":[2],"tags":[],"class_list":["post-4531","post","type-post","status-publish","format-standard","has-post-thumbnail","hentry","category-noticias"],"_links":{"self":[{"href":"https:\/\/oasisfm935.com.ar\/site\/wp-json\/wp\/v2\/posts\/4531","targetHints":{"allow":["GET"]}}],"collection":[{"href":"https:\/\/oasisfm935.com.ar\/site\/wp-json\/wp\/v2\/posts"}],"about":[{"href":"https:\/\/oasisfm935.com.ar\/site\/wp-json\/wp\/v2\/types\/post"}],"author":[{"embeddable":true,"href":"https:\/\/oasisfm935.com.ar\/site\/wp-json\/wp\/v2\/users\/4"}],"replies":[{"embeddable":true,"href":"https:\/\/oasisfm935.com.ar\/site\/wp-json\/wp\/v2\/comments?post=4531"}],"version-history":[{"count":1,"href":"https:\/\/oasisfm935.com.ar\/site\/wp-json\/wp\/v2\/posts\/4531\/revisions"}],"predecessor-version":[{"id":4533,"href":"https:\/\/oasisfm935.com.ar\/site\/wp-json\/wp\/v2\/posts\/4531\/revisions\/4533"}],"wp:featuredmedia":[{"embeddable":true,"href":"https:\/\/oasisfm935.com.ar\/site\/wp-json\/wp\/v2\/media\/4532"}],"wp:attachment":[{"href":"https:\/\/oasisfm935.com.ar\/site\/wp-json\/wp\/v2\/media?parent=4531"}],"wp:term":[{"taxonomy":"category","embeddable":true,"href":"https:\/\/oasisfm935.com.ar\/site\/wp-json\/wp\/v2\/categories?post=4531"},{"taxonomy":"post_tag","embeddable":true,"href":"https:\/\/oasisfm935.com.ar\/site\/wp-json\/wp\/v2\/tags?post=4531"}],"curies":[{"name":"wp","href":"https:\/\/api.w.org\/{rel}","templated":true}]}}