{"id":4534,"date":"2020-05-13T12:48:26","date_gmt":"2020-05-13T15:48:26","guid":{"rendered":"http:\/\/oasisfm935.com\/site\/?p=4534"},"modified":"2020-05-13T12:57:13","modified_gmt":"2020-05-13T15:57:13","slug":"ingeniero-luiggi-ahora-delegan-a-intendentes-de-hasta-10-mil-habitantes-la-flexibilizacion-de-la-cuarentena","status":"publish","type":"post","link":"https:\/\/oasisfm935.com.ar\/site\/ingeniero-luiggi-ahora-delegan-a-intendentes-de-hasta-10-mil-habitantes-la-flexibilizacion-de-la-cuarentena\/","title":{"rendered":"Ingeniero Luiggi : Ahora delegan a intendentes de hasta 10 mil habitantes la flexibilizaci\u00f3n de la cuarentena"},"content":{"rendered":"<p>El gobernador Sergio Ziliotto dijo este mi\u00e9rcoles que ahora las intendencias de hasta 10 mil habitantes podr\u00e1n flexibilizar los horarios de atenci\u00f3n de los comercios y la de las caminatas recreativas.<\/p>\n<p>En la Localidad de Ingeniero Luiggi ahora queda incluido en las medidas y ser\u00e1 la Intendenta Patricia Lavin \u00a0el Comit\u00e9 de crisis local quienes decidir\u00e1n si deciden o no a mayores flexibilizaciones.<\/p>\n<p>&nbsp;<\/p>\n<p><strong>El mandatario hizo el anuncio al mediod\u00eda, en una conferencia de prensa desde el Sal\u00f3n de Acuerdos de Casa de Gobierno. \u201cVamos a ir profundizando los cuidados sanitarios e incorporando nuevas actividades econ\u00f3micas a la cuarentena\u201d, dijo.<\/strong><\/p>\n<p>\u201cA partir del lunes se va a incorporar el resto del sector industrial, que no ten\u00eda permitido trabajar\u201d, cont\u00f3. Ser\u00e1 de lunes a viernes, de 8 a 18 horas.<\/p>\n<p>Dijo que autorizan a las industrias de la sal, de la leche y \u201calgunas industrias vinculadas a la obra p\u00fablica y privada\u00bb de la provincia.<\/p>\n<p><strong>La Justicia reabre la atenci\u00f3n al p\u00fablico<\/strong><\/p>\n<p>Desde el lunes reabre la atenci\u00f3n al p\u00fablico la Justicia pampeana, seg\u00fan anunci\u00f3 el presidente del Superior Tribunal de Justicia, Jos\u00e9 Sappa.<\/p>\n<p>Dijo que se har\u00e1 con \u00abuna dotaci\u00f3n acotada\u00bb y siguiendo un estricto protocolo.<\/p>\n<p>&nbsp;<\/p>\n<p><strong>Horarios de comercio<\/strong><\/p>\n<p>Ziliotto anunci\u00f3 m\u00e1s flexibilizaciones para los comerciantes, peluqueros y profesiones liberales: ahora podr\u00e1n abrir los s\u00e1bados de 8 a 18 horas.<\/p>\n<p>Hasta el momento, pod\u00edan atender al p\u00fablico de lunes a viernes entre las 13 y las 18 horas -dependiendo del sector-.<\/p>\n<p>&nbsp;<\/p>\n<p><strong>Restoranes y agencias de quienielas<\/strong><\/p>\n<p>El Gobierno provincial, en medio de la cuarentena por la pandemia de Covid-19, autorizar\u00e1 la apertura de los<strong>\u00a0restoranes<\/strong>\u00a0y las\u00a0<strong>agencias de quinielas<\/strong>.<\/p>\n<p>El gobernador Sergio Ziliotto dijo que de lunes a domingos, de 11 a 14 y de 20 a 23, se habilitan los restoranes, aunque con env\u00edos por delivery.<\/p>\n<div class=\"oasis-despues-del-contenido\" id=\"oasis-2930319483\"><img loading=\"lazy\" decoding=\"async\" src=\"https:\/\/oasisfm935.com.ar\/site\/wp-content\/uploads\/2020\/08\/47806202-8741-49f2-a5c9-d2f930e5baa1.jpg\" alt=\"\"  srcset=\"https:\/\/oasisfm935.com.ar\/site\/wp-content\/uploads\/2020\/08\/47806202-8741-49f2-a5c9-d2f930e5baa1.jpg 1080w, https:\/\/oasisfm935.com.ar\/site\/wp-content\/uploads\/2020\/08\/47806202-8741-49f2-a5c9-d2f930e5baa1-300x300.jpg 300w, https:\/\/oasisfm935.com.ar\/site\/wp-content\/uploads\/2020\/08\/47806202-8741-49f2-a5c9-d2f930e5baa1-1024x1024.jpg 1024w, https:\/\/oasisfm935.com.ar\/site\/wp-content\/uploads\/2020\/08\/47806202-8741-49f2-a5c9-d2f930e5baa1-150x150.jpg 150w, https:\/\/oasisfm935.com.ar\/site\/wp-content\/uploads\/2020\/08\/47806202-8741-49f2-a5c9-d2f930e5baa1-768x768.jpg 768w\" sizes=\"(max-width: 1080px) 100vw, 1080px\" class=\"no-lazyload\" width=\"1080\" height=\"1080\"  style=\"display: inline-block;\" \/><\/div>","protected":false},"excerpt":{"rendered":"<p>El gobernador Sergio Ziliotto dijo este mi\u00e9rcoles que ahora las intendencias de hasta 10 mil habitantes podr\u00e1n flexibilizar los horarios de atenci\u00f3n<\/p>\n","protected":false},"author":4,"featured_media":3814,"comment_status":"closed","ping_status":"open","sticky":false,"template":"","format":"standard","meta":{"colormag_page_layout":"default_layout","footnotes":""},"categories":[2],"tags":[],"class_list":["post-4534","post","type-post","status-publish","format-standard","has-post-thumbnail","hentry","category-noticias"],"_links":{"self":[{"href":"https:\/\/oasisfm935.com.ar\/site\/wp-json\/wp\/v2\/posts\/4534","targetHints":{"allow":["GET"]}}],"collection":[{"href":"https:\/\/oasisfm935.com.ar\/site\/wp-json\/wp\/v2\/posts"}],"about":[{"href":"https:\/\/oasisfm935.com.ar\/site\/wp-json\/wp\/v2\/types\/post"}],"author":[{"embeddable":true,"href":"https:\/\/oasisfm935.com.ar\/site\/wp-json\/wp\/v2\/users\/4"}],"replies":[{"embeddable":true,"href":"https:\/\/oasisfm935.com.ar\/site\/wp-json\/wp\/v2\/comments?post=4534"}],"version-history":[{"count":2,"href":"https:\/\/oasisfm935.com.ar\/site\/wp-json\/wp\/v2\/posts\/4534\/revisions"}],"predecessor-version":[{"id":4536,"href":"https:\/\/oasisfm935.com.ar\/site\/wp-json\/wp\/v2\/posts\/4534\/revisions\/4536"}],"wp:featuredmedia":[{"embeddable":true,"href":"https:\/\/oasisfm935.com.ar\/site\/wp-json\/wp\/v2\/media\/3814"}],"wp:attachment":[{"href":"https:\/\/oasisfm935.com.ar\/site\/wp-json\/wp\/v2\/media?parent=4534"}],"wp:term":[{"taxonomy":"category","embeddable":true,"href":"https:\/\/oasisfm935.com.ar\/site\/wp-json\/wp\/v2\/categories?post=4534"},{"taxonomy":"post_tag","embeddable":true,"href":"https:\/\/oasisfm935.com.ar\/site\/wp-json\/wp\/v2\/tags?post=4534"}],"curies":[{"name":"wp","href":"https:\/\/api.w.org\/{rel}","templated":true}]}}