{"id":4537,"date":"2020-05-13T18:25:20","date_gmt":"2020-05-13T21:25:20","guid":{"rendered":"http:\/\/oasisfm935.com\/site\/?p=4537"},"modified":"2020-05-13T18:25:20","modified_gmt":"2020-05-13T21:25:20","slug":"accidente-cerca-de-parera-se-le-salio-una-rueda-a-un-tractor-y-se-despisto-hacia-la-banquina","status":"publish","type":"post","link":"https:\/\/oasisfm935.com.ar\/site\/accidente-cerca-de-parera-se-le-salio-una-rueda-a-un-tractor-y-se-despisto-hacia-la-banquina\/","title":{"rendered":"Accidente cerca de Parera: Se le sali\u00f3 una rueda a un tractor y se despist\u00f3 hacia la banquina"},"content":{"rendered":"<p>Un accidente de tr\u00e1nsito se produjo este mi\u00e9rcoles en la ruta provincial 9 a unos 10 kil\u00f3metros al sur del acceso a Parera cuando se desprendi\u00f3 una rueda delantera de un tractor, el conductor\u00a0 perdi\u00f3 el control y finaliz\u00f3 en la banquina este.<\/p>\n<p>El siniestro se produjo alrededor de las 11,15, seg\u00fan inform\u00f3 el subcomisario Daniel Villegas a\u00a0<strong>Zonal Noticias.<\/strong><\/p>\n<p>\u201cSolicitaron la presencia policial en la ruta 9 a unos a 10 kil\u00f3metros al Sur del acceso a esta localidad, donde un tractor marca Fiat, que remolcaba una cisterna, perdi\u00f3 una rueda y termin\u00f3 en la banquina\u201d.<\/p>\n<p><strong>La maquinaria era conducida por \u00a0un joven de 19 a\u00f1os oriundo de la localidad de General Cabrera, C\u00f3rdoba.<\/strong><\/p>\n<p><strong>El tractor sufri\u00f3 el desperfecto a pocos kil\u00f3metros del acceso a Parera, cuando circulaba desde la localidad de Ingeniero Luiggi con destino a Quetrequ\u00e9n.<\/strong><\/p>\n<p>\u201cA esa altura de la ruta se le sali\u00f3 una rueda y perdi\u00f3 el control del rodado, que finaliz\u00f3 en la banquina este\u201d, explic\u00f3 el jefe policial.<\/p>\n<p>\u201cEn el lugar se hizo presente adem\u00e1s personal de salud de Parera que procedi\u00f3 a trasladar al joven al hospital local donde fue examinado y no presentaba lesiones de gravedad, s\u00f3lo golpes producto del movimiento brusco producido por la maquinaria\u201d, inform\u00f3 el subcomisario.<\/p>\n<p><strong>Villegas indic\u00f3 que la maquinaria que lo acompa\u00f1aba fue trasladada al predio frente al acceso de esta localidad.<\/strong><\/p>\n<p>Zonal Noticias<\/p>\n<div class=\"oasis-despues-del-contenido\" id=\"oasis-944740190\"><img loading=\"lazy\" decoding=\"async\" src=\"https:\/\/oasisfm935.com.ar\/site\/wp-content\/uploads\/2020\/08\/47806202-8741-49f2-a5c9-d2f930e5baa1.jpg\" alt=\"\"  srcset=\"https:\/\/oasisfm935.com.ar\/site\/wp-content\/uploads\/2020\/08\/47806202-8741-49f2-a5c9-d2f930e5baa1.jpg 1080w, https:\/\/oasisfm935.com.ar\/site\/wp-content\/uploads\/2020\/08\/47806202-8741-49f2-a5c9-d2f930e5baa1-300x300.jpg 300w, https:\/\/oasisfm935.com.ar\/site\/wp-content\/uploads\/2020\/08\/47806202-8741-49f2-a5c9-d2f930e5baa1-1024x1024.jpg 1024w, https:\/\/oasisfm935.com.ar\/site\/wp-content\/uploads\/2020\/08\/47806202-8741-49f2-a5c9-d2f930e5baa1-150x150.jpg 150w, https:\/\/oasisfm935.com.ar\/site\/wp-content\/uploads\/2020\/08\/47806202-8741-49f2-a5c9-d2f930e5baa1-768x768.jpg 768w\" sizes=\"(max-width: 1080px) 100vw, 1080px\" class=\"no-lazyload\" width=\"1080\" height=\"1080\"  style=\"display: inline-block;\" \/><\/div>","protected":false},"excerpt":{"rendered":"<p>Un accidente de tr\u00e1nsito se produjo este mi\u00e9rcoles en la ruta provincial 9 a unos 10 kil\u00f3metros al sur del acceso a<\/p>\n","protected":false},"author":4,"featured_media":4538,"comment_status":"closed","ping_status":"open","sticky":false,"template":"","format":"standard","meta":{"colormag_page_layout":"default_layout","footnotes":""},"categories":[2],"tags":[],"class_list":["post-4537","post","type-post","status-publish","format-standard","has-post-thumbnail","hentry","category-noticias"],"_links":{"self":[{"href":"https:\/\/oasisfm935.com.ar\/site\/wp-json\/wp\/v2\/posts\/4537","targetHints":{"allow":["GET"]}}],"collection":[{"href":"https:\/\/oasisfm935.com.ar\/site\/wp-json\/wp\/v2\/posts"}],"about":[{"href":"https:\/\/oasisfm935.com.ar\/site\/wp-json\/wp\/v2\/types\/post"}],"author":[{"embeddable":true,"href":"https:\/\/oasisfm935.com.ar\/site\/wp-json\/wp\/v2\/users\/4"}],"replies":[{"embeddable":true,"href":"https:\/\/oasisfm935.com.ar\/site\/wp-json\/wp\/v2\/comments?post=4537"}],"version-history":[{"count":1,"href":"https:\/\/oasisfm935.com.ar\/site\/wp-json\/wp\/v2\/posts\/4537\/revisions"}],"predecessor-version":[{"id":4539,"href":"https:\/\/oasisfm935.com.ar\/site\/wp-json\/wp\/v2\/posts\/4537\/revisions\/4539"}],"wp:featuredmedia":[{"embeddable":true,"href":"https:\/\/oasisfm935.com.ar\/site\/wp-json\/wp\/v2\/media\/4538"}],"wp:attachment":[{"href":"https:\/\/oasisfm935.com.ar\/site\/wp-json\/wp\/v2\/media?parent=4537"}],"wp:term":[{"taxonomy":"category","embeddable":true,"href":"https:\/\/oasisfm935.com.ar\/site\/wp-json\/wp\/v2\/categories?post=4537"},{"taxonomy":"post_tag","embeddable":true,"href":"https:\/\/oasisfm935.com.ar\/site\/wp-json\/wp\/v2\/tags?post=4537"}],"curies":[{"name":"wp","href":"https:\/\/api.w.org\/{rel}","templated":true}]}}