{"id":4541,"date":"2020-05-14T16:34:17","date_gmt":"2020-05-14T19:34:17","guid":{"rendered":"http:\/\/oasisfm935.com\/site\/?p=4541"},"modified":"2020-05-14T16:34:17","modified_gmt":"2020-05-14T19:34:17","slug":"cuarentena-la-pampa-limita-el-ingreso-a-la-provincia","status":"publish","type":"post","link":"https:\/\/oasisfm935.com.ar\/site\/cuarentena-la-pampa-limita-el-ingreso-a-la-provincia\/","title":{"rendered":"Cuarentena : La Pampa limita el ingreso a la provincia"},"content":{"rendered":"<p>Las personas provenientes de otras jurisdicciones que pretendan ingresar a la provincia para desarrollar actividades en el territorio provincial, m\u00e1s all\u00e1 de encontrarse exceptuadas del cumplimiento del Aislamiento Social, Preventivo y Obligatorio y de la prohibici\u00f3n de circular,\u00a0<strong>deber\u00e1n contar con una autorizaci\u00f3n previa emitida por el Gobierno de La Pampa.<\/strong><\/p>\n<p>La decisi\u00f3n se plasm\u00f3 en el<strong>\u00a0<a href=\"https:\/\/drive.google.com\/file\/d\/1jEXM_Qw-bX559p6ILv2gmguSeH10cJrc\/view\" target=\"_blank\" rel=\"noopener noreferrer\">Decreto 921\/2020<\/a>\u00a0<\/strong>que firm\u00f3 el gobernador Sergio Ziliotto junto a los ministros del gabinete y entrar\u00e1 en vigencia hoy. Establece que toda actividad y\/o servicio excepcionado del Aislamiento Social, Preventivo y Obligatorio y de la prohibici\u00f3n de circular establecidas por la pandemia de COVID-19, deber\u00e1n contar con autorizaci\u00f3n previa del Gobierno de la provincia de La Pampa. Los ingresantes deber\u00e1n cumplir 14 d\u00edas de aislamiento.<\/p>\n<p>La medida hab\u00eda sido anunciada ayer por el gobernador en conferencia de prensa y tiene el principal\u00a0<strong>objetivo de mantener el actual estatus sanitario en relaci\u00f3n a la pandemia de coronavirus.<\/strong><\/p>\n<p>Las personas provenientes de otras jurisdicciones que pretendan ingresar a la provincia para desarrollar actividades en el territorio provincial, m\u00e1s all\u00e1 de encontrarse exceptuadas del cumplimiento del Aislamiento Social, Preventivo y Obligatorio y de la prohibici\u00f3n de circular, deber\u00e1n contar con una autorizaci\u00f3n previa emitida por el Gobierno de La Pampa.<\/p>\n<p><strong>\u00abSe analizar\u00e1 si es necesario o no que ingresen las personas que vienen a realizar un trabajo o prestar un servicio<\/strong>\u00a0que puede ser realizado por un pampeano\u201d, dijo. Y a modo de ejemplo se\u00f1al\u00f3 el caso de las empresas constructoras que pretenden ingresar con mano de obra de otras provincias. \u201cSi necesitan alba\u00f1iles ac\u00e1 tenemos y tambi\u00e9n mucho personal calificado\u201d, argument\u00f3.<\/p>\n<p><strong>Autorizaci\u00f3n<\/strong><\/p>\n<p>La autorizaci\u00f3n requerida para el ingreso a La Pampa deber\u00e1 tramitarse por correo electr\u00f3nico a la casilla\u00a0privadamgyj@lapampa.gob.ar, consignando con car\u00e1cter de Declaraci\u00f3n Jurada una serie de datos que contemplan el itinerario de ingreso y egreso a la Provincia; dominio del veh\u00edculo en uso; fecha de arribo y duraci\u00f3n de la estad\u00eda en La Pampa; entre otras informaciones vinculadas a la persona y la empresa para la que trabaja.\u00a0 En todos los casos se acusar\u00e1 recibo del correo electr\u00f3nico.<\/p>\n<p>&nbsp;<\/p>\n<p><strong>Cuarentena<\/strong><\/p>\n<p><strong>Las personas autorizadas a ingresar a La Pampa deber\u00e1n hacerlo en veh\u00edculos particulares o de la empresa<\/strong>, industria y\/o comercio en cuesti\u00f3n, y a su arribo deber\u00e1n permanecer aisladas obligatoriamente por el plazo de 14 d\u00edas, y posteriormente podr\u00e1n realizar las tareas en territorio provincial.<\/p>\n<p>Se establece que<strong>\u00a0ser\u00e1 la Autoridad Sanitaria Provincial la que determinar\u00e1 el lugar donde deba ser cumplido el aislamiento obligatorio<\/strong>, en sitios destinados por el Gobierno provincial a esos fines, y efectuar el cargo pertinente a los empleadores de dichas personas.<\/p>\n<div class=\"oasis-despues-del-contenido\" id=\"oasis-217094744\"><img loading=\"lazy\" decoding=\"async\" src=\"https:\/\/oasisfm935.com.ar\/site\/wp-content\/uploads\/2020\/08\/47806202-8741-49f2-a5c9-d2f930e5baa1.jpg\" alt=\"\"  srcset=\"https:\/\/oasisfm935.com.ar\/site\/wp-content\/uploads\/2020\/08\/47806202-8741-49f2-a5c9-d2f930e5baa1.jpg 1080w, https:\/\/oasisfm935.com.ar\/site\/wp-content\/uploads\/2020\/08\/47806202-8741-49f2-a5c9-d2f930e5baa1-300x300.jpg 300w, https:\/\/oasisfm935.com.ar\/site\/wp-content\/uploads\/2020\/08\/47806202-8741-49f2-a5c9-d2f930e5baa1-1024x1024.jpg 1024w, https:\/\/oasisfm935.com.ar\/site\/wp-content\/uploads\/2020\/08\/47806202-8741-49f2-a5c9-d2f930e5baa1-150x150.jpg 150w, https:\/\/oasisfm935.com.ar\/site\/wp-content\/uploads\/2020\/08\/47806202-8741-49f2-a5c9-d2f930e5baa1-768x768.jpg 768w\" sizes=\"(max-width: 1080px) 100vw, 1080px\" class=\"no-lazyload\" width=\"1080\" height=\"1080\"  style=\"display: inline-block;\" \/><\/div>","protected":false},"excerpt":{"rendered":"<p>Las personas provenientes de otras jurisdicciones que pretendan ingresar a la provincia para desarrollar actividades en el territorio provincial, m\u00e1s all\u00e1 de<\/p>\n","protected":false},"author":4,"featured_media":4542,"comment_status":"closed","ping_status":"open","sticky":false,"template":"","format":"standard","meta":{"colormag_page_layout":"default_layout","footnotes":""},"categories":[2],"tags":[],"class_list":["post-4541","post","type-post","status-publish","format-standard","has-post-thumbnail","hentry","category-noticias"],"_links":{"self":[{"href":"https:\/\/oasisfm935.com.ar\/site\/wp-json\/wp\/v2\/posts\/4541","targetHints":{"allow":["GET"]}}],"collection":[{"href":"https:\/\/oasisfm935.com.ar\/site\/wp-json\/wp\/v2\/posts"}],"about":[{"href":"https:\/\/oasisfm935.com.ar\/site\/wp-json\/wp\/v2\/types\/post"}],"author":[{"embeddable":true,"href":"https:\/\/oasisfm935.com.ar\/site\/wp-json\/wp\/v2\/users\/4"}],"replies":[{"embeddable":true,"href":"https:\/\/oasisfm935.com.ar\/site\/wp-json\/wp\/v2\/comments?post=4541"}],"version-history":[{"count":1,"href":"https:\/\/oasisfm935.com.ar\/site\/wp-json\/wp\/v2\/posts\/4541\/revisions"}],"predecessor-version":[{"id":4543,"href":"https:\/\/oasisfm935.com.ar\/site\/wp-json\/wp\/v2\/posts\/4541\/revisions\/4543"}],"wp:featuredmedia":[{"embeddable":true,"href":"https:\/\/oasisfm935.com.ar\/site\/wp-json\/wp\/v2\/media\/4542"}],"wp:attachment":[{"href":"https:\/\/oasisfm935.com.ar\/site\/wp-json\/wp\/v2\/media?parent=4541"}],"wp:term":[{"taxonomy":"category","embeddable":true,"href":"https:\/\/oasisfm935.com.ar\/site\/wp-json\/wp\/v2\/categories?post=4541"},{"taxonomy":"post_tag","embeddable":true,"href":"https:\/\/oasisfm935.com.ar\/site\/wp-json\/wp\/v2\/tags?post=4541"}],"curies":[{"name":"wp","href":"https:\/\/api.w.org\/{rel}","templated":true}]}}