{"id":4544,"date":"2020-05-15T12:22:08","date_gmt":"2020-05-15T15:22:08","guid":{"rendered":"http:\/\/oasisfm935.com\/site\/?p=4544"},"modified":"2020-05-15T12:23:34","modified_gmt":"2020-05-15T15:23:34","slug":"sergio-denis-murio-a-los-71-anos-a-mas-de-un-ano-del-grave-accidente-que-sufrio-sobre-el-escenario","status":"publish","type":"post","link":"https:\/\/oasisfm935.com.ar\/site\/sergio-denis-murio-a-los-71-anos-a-mas-de-un-ano-del-grave-accidente-que-sufrio-sobre-el-escenario\/","title":{"rendered":"Sergio Denis muri\u00f3 a los 71 a\u00f1os, a m\u00e1s de un a\u00f1o del grave accidente que sufri\u00f3 sobre el escenario"},"content":{"rendered":"<p>El cantante H\u00e9ctor Omar Hoffmann Fenzel, internado desde marzo de 2019 tras un accidente en un teatro de Tucum\u00e1n, falleci\u00f3 durante la jornada de hoy viernes 15 de mayo. Ten\u00eda 71 a\u00f1os.<\/p>\n<p>Durante la jornada de hoy, viernes 15 de mayo, se confirm\u00f3 la noticia del fallecimiento del cantante<strong>\u00a0Sergio Denis<\/strong>, quien se encontraba internado en la cl\u00ednica\u00a0<strong>ALCLA<\/strong>\u00a0de la capital metropolitana.<\/p>\n<p>El 11 de marzo de 2019,<strong>\u00a0Sergio Denis,<\/strong>\u00a0de 69 a\u00f1os (a 5 d\u00edas de su cumplea\u00f1os n\u00famero 70), daba un recital por el d\u00eda de la mujer en el teatro\u00a0<strong>Mercedes Sosa en Tucum\u00e1n,<\/strong>\u00a0cuando se cay\u00f3 del escenario en medio de la funci\u00f3n.<\/p>\n<p><img decoding=\"async\" src=\"https:\/\/static3.primiciasya.com\/images\/2020\/3\/11\/SkvFVDLHL-360x000.jpeg\" alt=\"-Sergio Denis-\" \/><\/p>\n<p class=\"jsx-2369523180 jsx-3887119421 text-paragraph air-1-2-bottom\">Fue trasladado de urgencia al\u00a0<strong>Hospital \u00c1ngel C. Padilla<\/strong>\u00a0en donde qued\u00f3 internado con un pron\u00f3stico reservado en grav\u00edsimo estado, y fue inducido a un coma farmacol\u00f3gico.<\/p>\n<p class=\"jsx-2369523180 jsx-3887119421 text-paragraph air-1-2-bottom\">El golpe en\u00a0<strong>Tucum\u00e1n\u00a0<\/strong>le caus\u00f3 traumatismos severos de cr\u00e1neo y t\u00f3rax, con contusi\u00f3n pulmonar bilateral, hematomas cerebrales, m\u00faltiples contusiones, una hemorragia, un importante edema cerebral, una fractura del hueso temporal en la cabeza y una fractura al nivel de la clav\u00edcula y el om\u00f3plato, asegur\u00f3 la doctora que lo atendi\u00f3 en el hospital tucumano.<\/p>\n<p class=\"jsx-2369523180 jsx-3887119421 text-paragraph air-1-2-bottom\"><strong>Sergio Denis<\/strong>\u00a0fue trasladado por avi\u00f3n sanitario al\u00a0<strong>Sanatorio de los Arcos\u00a0<\/strong>situado en CABA, el 13 de abril de 2019.<\/p>\n<p class=\"jsx-2369523180 jsx-3887119421 text-paragraph air-1-2-bottom\">All\u00ed fue operado dos veces, y luego pas\u00f3 a la cl\u00ednica de rehabilitaci\u00f3n Integral\u00a0<strong>ALCLA<\/strong>, mismo centro en el que estuvo internado\u00a0<strong>Gustavo Cerati<\/strong>. En este \u00faltimo nosocomio continu\u00f3 con un estado estable, pero fr\u00e1gil y vulnerable.<\/p>\n<p class=\"jsx-2369523180 jsx-3887119421 text-paragraph air-1-2-bottom\"><strong>Sergio\u00a0<\/strong>muri\u00f3 durante la ma\u00f1ana de hoy y la noticia fue confirmada por su entorno familiar.<\/p>\n<p>&nbsp;<\/p>\n<div class=\"oasis-despues-del-contenido\" id=\"oasis-1070446244\"><img loading=\"lazy\" decoding=\"async\" src=\"https:\/\/oasisfm935.com.ar\/site\/wp-content\/uploads\/2020\/08\/47806202-8741-49f2-a5c9-d2f930e5baa1.jpg\" alt=\"\"  srcset=\"https:\/\/oasisfm935.com.ar\/site\/wp-content\/uploads\/2020\/08\/47806202-8741-49f2-a5c9-d2f930e5baa1.jpg 1080w, https:\/\/oasisfm935.com.ar\/site\/wp-content\/uploads\/2020\/08\/47806202-8741-49f2-a5c9-d2f930e5baa1-300x300.jpg 300w, https:\/\/oasisfm935.com.ar\/site\/wp-content\/uploads\/2020\/08\/47806202-8741-49f2-a5c9-d2f930e5baa1-1024x1024.jpg 1024w, https:\/\/oasisfm935.com.ar\/site\/wp-content\/uploads\/2020\/08\/47806202-8741-49f2-a5c9-d2f930e5baa1-150x150.jpg 150w, https:\/\/oasisfm935.com.ar\/site\/wp-content\/uploads\/2020\/08\/47806202-8741-49f2-a5c9-d2f930e5baa1-768x768.jpg 768w\" sizes=\"(max-width: 1080px) 100vw, 1080px\" class=\"no-lazyload\" width=\"1080\" height=\"1080\"  style=\"display: inline-block;\" \/><\/div>","protected":false},"excerpt":{"rendered":"<p>El cantante H\u00e9ctor Omar Hoffmann Fenzel, internado desde marzo de 2019 tras un accidente en un teatro de Tucum\u00e1n, falleci\u00f3 durante la<\/p>\n","protected":false},"author":4,"featured_media":4545,"comment_status":"closed","ping_status":"open","sticky":false,"template":"","format":"standard","meta":{"colormag_page_layout":"default_layout","footnotes":""},"categories":[2],"tags":[],"class_list":["post-4544","post","type-post","status-publish","format-standard","has-post-thumbnail","hentry","category-noticias"],"_links":{"self":[{"href":"https:\/\/oasisfm935.com.ar\/site\/wp-json\/wp\/v2\/posts\/4544","targetHints":{"allow":["GET"]}}],"collection":[{"href":"https:\/\/oasisfm935.com.ar\/site\/wp-json\/wp\/v2\/posts"}],"about":[{"href":"https:\/\/oasisfm935.com.ar\/site\/wp-json\/wp\/v2\/types\/post"}],"author":[{"embeddable":true,"href":"https:\/\/oasisfm935.com.ar\/site\/wp-json\/wp\/v2\/users\/4"}],"replies":[{"embeddable":true,"href":"https:\/\/oasisfm935.com.ar\/site\/wp-json\/wp\/v2\/comments?post=4544"}],"version-history":[{"count":3,"href":"https:\/\/oasisfm935.com.ar\/site\/wp-json\/wp\/v2\/posts\/4544\/revisions"}],"predecessor-version":[{"id":4548,"href":"https:\/\/oasisfm935.com.ar\/site\/wp-json\/wp\/v2\/posts\/4544\/revisions\/4548"}],"wp:featuredmedia":[{"embeddable":true,"href":"https:\/\/oasisfm935.com.ar\/site\/wp-json\/wp\/v2\/media\/4545"}],"wp:attachment":[{"href":"https:\/\/oasisfm935.com.ar\/site\/wp-json\/wp\/v2\/media?parent=4544"}],"wp:term":[{"taxonomy":"category","embeddable":true,"href":"https:\/\/oasisfm935.com.ar\/site\/wp-json\/wp\/v2\/categories?post=4544"},{"taxonomy":"post_tag","embeddable":true,"href":"https:\/\/oasisfm935.com.ar\/site\/wp-json\/wp\/v2\/tags?post=4544"}],"curies":[{"name":"wp","href":"https:\/\/api.w.org\/{rel}","templated":true}]}}