{"id":4549,"date":"2020-05-15T12:55:13","date_gmt":"2020-05-15T15:55:13","guid":{"rendered":"http:\/\/oasisfm935.com\/site\/?p=4549"},"modified":"2020-05-15T17:53:55","modified_gmt":"2020-05-15T20:53:55","slug":"el-permitido-del-domingo-autorizaron-al-reencuentro-familiar-y-se-podra-ir-de-pueblo-a-pueblo","status":"publish","type":"post","link":"https:\/\/oasisfm935.com.ar\/site\/el-permitido-del-domingo-autorizaron-al-reencuentro-familiar-y-se-podra-ir-de-pueblo-a-pueblo\/","title":{"rendered":"El permitido del domingo: autorizaron al reencuentro familiar y se podr\u00e1 ir de pueblo a pueblo"},"content":{"rendered":"<p>El gobernador\u00a0<strong>Sergio Ziliotto<\/strong>\u00a0anunci\u00f3 que este\u00a0<strong>domingo 17<\/strong>, entre\u00a0<strong>las 10 y las 18 horas,<\/strong>\u00a0va a ser el d\u00eda del\u00a0<strong>\u201creencuentro familiar\u201d en La Pampa<\/strong>, luego de 60 d\u00edas de cuarentena para prevenir el coronavirus. No lo dijo p\u00fablicamente y\u00a0<a href=\"https:\/\/normativacovid.lapampa.gob.ar\/images\/DECRETO_925_-_ENCUENTRO_FAMILIAR.pdf\" target=\"_blank\" rel=\"noopener noreferrer\"><strong>\u00a0el decreto es algo confuso,<\/strong><\/a>\u00a0pero fuentes oficiales dijeron a Diario Textual que\u00a0<strong>se permitir\u00e1 el tr\u00e1nsito de localidad a localidad<\/strong>\u00a0dentro de la provincia.<\/p>\n<p>El Comit\u00e9 de Crisis autoriz\u00f3 encuentros familiares de hasta 10 personas este domingo.<strong>\u00a0\u00abEs un peque\u00f1o permitido, pero cuid\u00e1ndonos\u00bb<\/strong>, dijo en Canal 3.<\/p>\n<p>\u201cEsta posibilidad estaba prevista implementarla el domingo 24 de mayo, pero las condiciones clim\u00e1ticas que tendremos este fin de semana, lo que se visualiza como lo que podr\u00eda ser un inicio del pico de contagio en el \u00c1rea Metropolitana de Buenos Aires y su posible onda expansiva, nos llev\u00f3 a que con el Comit\u00e9 de Crisis dispusi\u00e9ramos que los encuentros familiares se concreten este domingo 17\u201d, afirm\u00f3.<\/p>\n<p>Dijo que deber\u00e1n ser encuentros con pocos familiares.\u00a0<strong>\u00abDebemos estar conscientes de lo que hacemos, con todas las medidas de prevenci\u00f3n\u00bb<\/strong>, sostuvo. \u00abLo que van a hacer este domingo todos los pampeanos es porque se lo han ganado\u00bb, expres\u00f3.<\/p>\n<p>\u00abEs un peque\u00f1o pero gran permitido, para cargar energ\u00edas, con responsabilidad social. Apelamos a ella\u00bb, dijo. \u00abHay par\u00e1metros a respetar, se va a comunicar en todos lados el decreto que acabo de firmar, ser\u00e1n reuniones que no excedan las 10 personas, que se use el barbijo, que sea un espacio abierto, s\u00ed o s\u00ed en domicilios particulares y no en lugares p\u00fablicos\u00bb, cont\u00f3.<\/p>\n<p>\u00abSiento un gran acompa\u00f1amiento de los pampeanos, y de los integrantes de la sociedad entre s\u00ed. No es hacerle caso al gobernador, sino cuidarnos entre todos. Lo que vamos a hacer este domingo nos lo hemos ganado entre todos\u00bb, dijo. \u00abDisfruten y j\u00fantense con la familia, pero no se olviden de seguir cuid\u00e1ndola\u00bb, a\u00f1adi\u00f3.<\/p>\n<div class=\"google-auto-placed ap_container\">\n<p>El decreto no habilita a movilizarse a quienes presenten cualquier tipo de sintomatolog\u00eda compatible con la enfermedad de Coronavirus y establece una serie de recomendaciones basadas en medidas sanitarias y epidemiol\u00f3gicas.<\/p>\n<p>En este sentido se promueve el uso de cubre boca, nariz y ment\u00f3n y se establece que los encuentros no podr\u00e1n exceder las diez personas. Asimismo se indica que los encuentros se realicen en lugares abiertos, o cerrados que cuenten con suficiente espacio y ventilaci\u00f3n.<\/p>\n<p>blob:https:\/\/www.facebook.com\/1e2e148b-826e-4a6e-b23a-237d4ea7826c<\/p>\n<\/div>\n<div class=\"oasis-despues-del-contenido\" id=\"oasis-3597838033\"><img loading=\"lazy\" decoding=\"async\" src=\"https:\/\/oasisfm935.com.ar\/site\/wp-content\/uploads\/2020\/08\/47806202-8741-49f2-a5c9-d2f930e5baa1.jpg\" alt=\"\"  srcset=\"https:\/\/oasisfm935.com.ar\/site\/wp-content\/uploads\/2020\/08\/47806202-8741-49f2-a5c9-d2f930e5baa1.jpg 1080w, https:\/\/oasisfm935.com.ar\/site\/wp-content\/uploads\/2020\/08\/47806202-8741-49f2-a5c9-d2f930e5baa1-300x300.jpg 300w, https:\/\/oasisfm935.com.ar\/site\/wp-content\/uploads\/2020\/08\/47806202-8741-49f2-a5c9-d2f930e5baa1-1024x1024.jpg 1024w, https:\/\/oasisfm935.com.ar\/site\/wp-content\/uploads\/2020\/08\/47806202-8741-49f2-a5c9-d2f930e5baa1-150x150.jpg 150w, https:\/\/oasisfm935.com.ar\/site\/wp-content\/uploads\/2020\/08\/47806202-8741-49f2-a5c9-d2f930e5baa1-768x768.jpg 768w\" sizes=\"(max-width: 1080px) 100vw, 1080px\" class=\"no-lazyload\" width=\"1080\" height=\"1080\"  style=\"display: inline-block;\" \/><\/div>","protected":false},"excerpt":{"rendered":"<p>El gobernador\u00a0Sergio Ziliotto\u00a0anunci\u00f3 que este\u00a0domingo 17, entre\u00a0las 10 y las 18 horas,\u00a0va a ser el d\u00eda del\u00a0\u201creencuentro familiar\u201d en La Pampa, luego<\/p>\n","protected":false},"author":4,"featured_media":4550,"comment_status":"closed","ping_status":"open","sticky":false,"template":"","format":"standard","meta":{"colormag_page_layout":"default_layout","footnotes":""},"categories":[2],"tags":[],"class_list":["post-4549","post","type-post","status-publish","format-standard","has-post-thumbnail","hentry","category-noticias"],"_links":{"self":[{"href":"https:\/\/oasisfm935.com.ar\/site\/wp-json\/wp\/v2\/posts\/4549","targetHints":{"allow":["GET"]}}],"collection":[{"href":"https:\/\/oasisfm935.com.ar\/site\/wp-json\/wp\/v2\/posts"}],"about":[{"href":"https:\/\/oasisfm935.com.ar\/site\/wp-json\/wp\/v2\/types\/post"}],"author":[{"embeddable":true,"href":"https:\/\/oasisfm935.com.ar\/site\/wp-json\/wp\/v2\/users\/4"}],"replies":[{"embeddable":true,"href":"https:\/\/oasisfm935.com.ar\/site\/wp-json\/wp\/v2\/comments?post=4549"}],"version-history":[{"count":4,"href":"https:\/\/oasisfm935.com.ar\/site\/wp-json\/wp\/v2\/posts\/4549\/revisions"}],"predecessor-version":[{"id":4560,"href":"https:\/\/oasisfm935.com.ar\/site\/wp-json\/wp\/v2\/posts\/4549\/revisions\/4560"}],"wp:featuredmedia":[{"embeddable":true,"href":"https:\/\/oasisfm935.com.ar\/site\/wp-json\/wp\/v2\/media\/4550"}],"wp:attachment":[{"href":"https:\/\/oasisfm935.com.ar\/site\/wp-json\/wp\/v2\/media?parent=4549"}],"wp:term":[{"taxonomy":"category","embeddable":true,"href":"https:\/\/oasisfm935.com.ar\/site\/wp-json\/wp\/v2\/categories?post=4549"},{"taxonomy":"post_tag","embeddable":true,"href":"https:\/\/oasisfm935.com.ar\/site\/wp-json\/wp\/v2\/tags?post=4549"}],"curies":[{"name":"wp","href":"https:\/\/api.w.org\/{rel}","templated":true}]}}