{"id":4552,"date":"2020-05-15T13:19:22","date_gmt":"2020-05-15T16:19:22","guid":{"rendered":"http:\/\/oasisfm935.com\/site\/?p=4552"},"modified":"2020-05-15T13:47:39","modified_gmt":"2020-05-15T16:47:39","slug":"ingeniero-luiggi-patricia-lavin-ojala-que-a-fin-de-ano-contemos-con-el-nuevo-del-edificio-jin-n15","status":"publish","type":"post","link":"https:\/\/oasisfm935.com.ar\/site\/ingeniero-luiggi-patricia-lavin-ojala-que-a-fin-de-ano-contemos-con-el-nuevo-del-edificio-jin-n15\/","title":{"rendered":"Ingeniero Luiggi : Patricia Lavin \u00abOjala que a fin de a\u00f1o contemos con el nuevo del edificio JIN N\u00b015 \u00ab"},"content":{"rendered":"<p><strong>El ministro de Obras y Servicios P\u00fablicos, Juan Ram\u00f3n Garay, consider\u00f3 que \u201ces la cuarta licitaci\u00f3n de los JIN inconclusos de la era Macri, los otros tres ya fueron licitados y est\u00e1n pr\u00f3ximos a adjudicarse\u201d<\/strong><\/p>\n<p>Se llev\u00f3 a cabo en la Subsecretar\u00eda de Coordinaci\u00f3n del Ministerio de Educaci\u00f3n, la licitaci\u00f3n p\u00fablica de la obra de terminaci\u00f3n JIN N\u00b015 en la Escuela N\u00b076 &#8211; Cabecera de Ingeniero Luiggi &#8211; Plan 3000 Jardines. El presupuesto oficial de la obra tiene un monto de $ 21.222.008,25 y cuenta con un plazo de ejecuci\u00f3n de 180 d\u00edas corridos.<\/p>\n<p>La jornada estuvo encabezada por el ministro de Obras y Servicios P\u00fablicos, Juan Ram\u00f3n Garay, el subsecretario de Coordinaci\u00f3n, Marcos Carnicelli, el director de Programas de Obras Nacionales, H\u00e9ctor Ra\u00fal Ameglio y la intendenta de Ingeniero Luiggi, Patricia Lav\u00edn.<\/p>\n<p><img decoding=\"async\" src=\"https:\/\/www.zonalnoticias.com\/media\/k2\/items\/cache\/a8adb470c93c2503e04021beed5ae939_L.jpg\" alt=\"Hoy se licita la obra inconclusa del JIN N\u00b015 de Ingeniero Luiggi\" \/><\/p>\n<p>Del acto licitatorio participaron cuatro empresas oferentes, de las cuales la empresa IASER Construcciones S.A. fue la m\u00e1s cercana al presupuesto oficial, con un monto de $ 25.209.996,93.<br \/>\nEl tiular de la cartera de Obras y Servicios P\u00fablicos del Gobierno de La Pampa se refiri\u00f3 a la continuidad de las obras en materia de Educaci\u00f3n y sostuvo que \u201ces la cuarta licitaci\u00f3n que hacemos sobre los cuatro jardines de infantes inconclusos de la era del ex presidente de la Naci\u00f3n, Mauricio Macri. Los otros tres JIN ya fueron licitados y est\u00e1n pr\u00f3ximos a adjudicarse, en este caso se hab\u00eda retrasado la licitaci\u00f3n por cuestiones de la pandemia, pero hoy es una realidad para alegr\u00eda de los vecinos de Ingeniero Luiggi\u201d, sostuvo.<\/p>\n<p>Para finalizar, el funcionario provincial se esperanz\u00f3 con la culminaci\u00f3n de obra a finales del 2020. \u201cHemos tenido cuatro ofertas, ahora la Comisi\u00f3n de Adjudicaci\u00f3n trabajar\u00e1 lo m\u00e1s r\u00e1pido posible para que a fin de a\u00f1o est\u00e9 la obra terminada. El Gobierno de La Pampa est\u00e1 presente en este tipo de obras para todos los pampeanos y este caso en particular para Ingeniero Luiggi\u201d.<\/p>\n<p>&nbsp;<\/p>\n<p><strong>Patricia Lavin\u00a0<\/strong><br \/>\nLa intendenta de Ingeniero Luiggi se refiri\u00f3 al anuncio realizado por Macri en la localidad, y se lament\u00f3 del no cumplimiento del edificio ya que respond\u00eda a una necesidad planteada. \u201cNuestra localidad fue en donde el ex presidente, Mauricio Macri, anunci\u00f3 esta serie de jardines, los cuales durante su gesti\u00f3n no se finaliz\u00f3 ninguno de ellos. Ese anuncio para la localidad fue un orgullo en ese entonces, porque realmente ven\u00edan a cubrir una necesidad que fue planteada por las autoridades de Educaci\u00f3n. La necesidad edilicia fue reclamada hace mucho tiempo y la verdad es que fue una promesa vivida con mucha alegr\u00eda y no se pudo cumplir\u201d, indic\u00f3.<\/p>\n<p>\u201cTengo que agradecer a la gesti\u00f3n actual del Gobierno provincial ya que culmina con una serie de cuestiones y llev\u00f3 adelante la licitaci\u00f3n, pero adem\u00e1s al ex gobernador, Carlos Verna, ya que tambi\u00e9n insisti\u00f3 para que estas obras se finalizaran. En su momento no tuvimos eco en quienes estaban a cargo del Gobierno nacional. Ahora se retoma y en 180 d\u00edas, a fin de a\u00f1o, estaremos con la obra finalizada si los plazos se respetan y la empresa se compromete tendremos esta obra tan esperada\u201d, concluy\u00f3.<\/p>\n<audio class=\"wp-audio-shortcode\" id=\"audio-4552-1\" preload=\"none\" style=\"width: 100%;\" controls=\"controls\"><source type=\"audio\/mpeg\" src=\"https:\/\/apn.lapampa.gob.ar\/files\/audio\/2617397_15-5-2020-garay-y-lavin---jin-ingeniero-luiggi.mp3?_=1\" \/><a href=\"https:\/\/apn.lapampa.gob.ar\/files\/audio\/2617397_15-5-2020-garay-y-lavin---jin-ingeniero-luiggi.mp3\">https:\/\/apn.lapampa.gob.ar\/files\/audio\/2617397_15-5-2020-garay-y-lavin---jin-ingeniero-luiggi.mp3<\/a><\/audio>\n<div class=\"oasis-despues-del-contenido\" id=\"oasis-1037361840\"><img loading=\"lazy\" decoding=\"async\" src=\"https:\/\/oasisfm935.com.ar\/site\/wp-content\/uploads\/2020\/08\/47806202-8741-49f2-a5c9-d2f930e5baa1.jpg\" alt=\"\"  srcset=\"https:\/\/oasisfm935.com.ar\/site\/wp-content\/uploads\/2020\/08\/47806202-8741-49f2-a5c9-d2f930e5baa1.jpg 1080w, https:\/\/oasisfm935.com.ar\/site\/wp-content\/uploads\/2020\/08\/47806202-8741-49f2-a5c9-d2f930e5baa1-300x300.jpg 300w, https:\/\/oasisfm935.com.ar\/site\/wp-content\/uploads\/2020\/08\/47806202-8741-49f2-a5c9-d2f930e5baa1-1024x1024.jpg 1024w, https:\/\/oasisfm935.com.ar\/site\/wp-content\/uploads\/2020\/08\/47806202-8741-49f2-a5c9-d2f930e5baa1-150x150.jpg 150w, https:\/\/oasisfm935.com.ar\/site\/wp-content\/uploads\/2020\/08\/47806202-8741-49f2-a5c9-d2f930e5baa1-768x768.jpg 768w\" sizes=\"(max-width: 1080px) 100vw, 1080px\" class=\"no-lazyload\" width=\"1080\" height=\"1080\"  style=\"display: inline-block;\" \/><\/div>","protected":false},"excerpt":{"rendered":"<p>El ministro de Obras y Servicios P\u00fablicos, Juan Ram\u00f3n Garay, consider\u00f3 que \u201ces la cuarta licitaci\u00f3n de los JIN inconclusos de la<\/p>\n","protected":false},"author":4,"featured_media":4553,"comment_status":"closed","ping_status":"open","sticky":false,"template":"","format":"standard","meta":{"colormag_page_layout":"default_layout","footnotes":""},"categories":[2],"tags":[],"class_list":["post-4552","post","type-post","status-publish","format-standard","has-post-thumbnail","hentry","category-noticias"],"_links":{"self":[{"href":"https:\/\/oasisfm935.com.ar\/site\/wp-json\/wp\/v2\/posts\/4552","targetHints":{"allow":["GET"]}}],"collection":[{"href":"https:\/\/oasisfm935.com.ar\/site\/wp-json\/wp\/v2\/posts"}],"about":[{"href":"https:\/\/oasisfm935.com.ar\/site\/wp-json\/wp\/v2\/types\/post"}],"author":[{"embeddable":true,"href":"https:\/\/oasisfm935.com.ar\/site\/wp-json\/wp\/v2\/users\/4"}],"replies":[{"embeddable":true,"href":"https:\/\/oasisfm935.com.ar\/site\/wp-json\/wp\/v2\/comments?post=4552"}],"version-history":[{"count":4,"href":"https:\/\/oasisfm935.com.ar\/site\/wp-json\/wp\/v2\/posts\/4552\/revisions"}],"predecessor-version":[{"id":4557,"href":"https:\/\/oasisfm935.com.ar\/site\/wp-json\/wp\/v2\/posts\/4552\/revisions\/4557"}],"wp:featuredmedia":[{"embeddable":true,"href":"https:\/\/oasisfm935.com.ar\/site\/wp-json\/wp\/v2\/media\/4553"}],"wp:attachment":[{"href":"https:\/\/oasisfm935.com.ar\/site\/wp-json\/wp\/v2\/media?parent=4552"}],"wp:term":[{"taxonomy":"category","embeddable":true,"href":"https:\/\/oasisfm935.com.ar\/site\/wp-json\/wp\/v2\/categories?post=4552"},{"taxonomy":"post_tag","embeddable":true,"href":"https:\/\/oasisfm935.com.ar\/site\/wp-json\/wp\/v2\/tags?post=4552"}],"curies":[{"name":"wp","href":"https:\/\/api.w.org\/{rel}","templated":true}]}}