{"id":4562,"date":"2020-05-15T19:50:09","date_gmt":"2020-05-15T22:50:09","guid":{"rendered":"http:\/\/oasisfm935.com\/site\/?p=4562"},"modified":"2020-05-15T19:50:30","modified_gmt":"2020-05-15T22:50:30","slug":"voto-unanime-para-que-la-luiggense-luz-lardone-integre-el-directorio-del-conicet","status":"publish","type":"post","link":"https:\/\/oasisfm935.com.ar\/site\/voto-unanime-para-que-la-luiggense-luz-lardone-integre-el-directorio-del-conicet\/","title":{"rendered":"Voto un\u00e1nime para que la luiggense Luz Lardone integre el directorio del CONICET"},"content":{"rendered":"<p>La provincia de La Pampa, en la figura de Luz Mar\u00eda Lardone, qued\u00f3 primera y por unanimidad en el orden de m\u00e9rito de la terna que vot\u00f3 la asamblea para tener un lugar, en representaci\u00f3n de las provincias, en el directorio del CONICET.<\/p>\n<p>Con la presencia del ministro, Roberto Salvarezza y por videoconferencia, La Pampa particip\u00f3, junto al resto de las jurisdicciones del pa\u00eds y funcionarios de las carteras de ciencia, tecnolog\u00eda e innovaci\u00f3n, para\u00a0<strong>designar a las autoridades 2020 del Consejo Federal -CoFECyT-, y establecer l\u00edneas estrat\u00e9gicas de a<\/strong>cci\u00f3n.<\/p>\n<p>Como cada a\u00f1o, se llev\u00f3 a cabo la Asamblea General del Consejo Federal de Ciencia y Tecnolog\u00eda -COFECyT-, un cuerpo de elaboraci\u00f3n, asesoramiento y articulaci\u00f3n de pol\u00edticas y prioridades nacionales y regionales que promueve el desarrollo arm\u00f3nico de las actividades cient\u00edficas, tecnol\u00f3gicas e innovadoras en todo el pa\u00eds. En esta oportunidad, dada la emergencia sanitaria, el encuentro se realiz\u00f3\u00a0de manera virtual.<\/p>\n<p>Por La Pampa participaron las autoridades designadas por el Ejecutivo Provincial ante el COFECyT, su titular Luz Lardone, directora general de Ciencia y Tecnolog\u00eda del Ministerio de la Producci\u00f3n -cartera a cargo de Ricardo Moralejo-, y Gabriel Rodrigo, subdirector general de Ciencia y Tecnolog\u00eda Aplicada y alterno de la misma dependencia oficial.<\/p>\n<p>El encuentro fue presidido por el ministro de Ciencia, Tecnolog\u00eda e Innovaci\u00f3n y presidente del COFECYT, Roberto Salvarezza, quien\u00a0expres\u00f3 algunas de las prioridades de la nueva gesti\u00f3n.<\/p>\n<p>\u00abPara comenzar con esta nueva etapa, hemos delineado tres ejes fundamentales sobre los cuales nos comprometemos a trabajar: la transferencia de conocimiento hacia la sociedad, la articulaci\u00f3n entre los organismos de ciencia y a trav\u00e9s de \u00e9stos con las necesidades del Estado;\u00a0y la federalizaci\u00f3n del conocimiento\u00bb.<\/p>\n<p>Adem\u00e1s agreg\u00f3 \u00abcreemos que la clave para trabajar estos tres temas es la apertura de la ciencia, creando un canal de demandas entre los ministerios, las distintas \u00e1reas del propio Gobierno, con los Estados provinciales y los municipios, para el aporte de conocimiento, de nuevas tecnolog\u00edas e innovaci\u00f3n\u00bb.<\/p>\n<p>Seg\u00fan Ricardo Moralejo, \u201cen La Pampa consideramos a las ciencias, las tecnolog\u00edas y las innovaciones, como herramientas fundamentales para acceder a una econom\u00eda de bienestar, basada en la innovaci\u00f3n, el conocimiento, la competitividad, la inclusi\u00f3n y la diversidad\u201d.<\/p>\n<p align=\"JUSTIFY\">De la asamblea tambi\u00e9n participaron, por parte de la cartera de Ciencia, el secretario de Planeamiento y Pol\u00edticas en Ciencia, Tecnolog\u00eda e Innovaci\u00f3n, Diego Hurtado; la subsecretaria de Pol\u00edticas en Ciencia, Tecnolog\u00eda e Innovaci\u00f3n, Mar\u00eda Cecilia Sleiman; el subsecretario de Estudios y Prospectiva, Eduardo Ernesto Mallo; el secretario de Articulaci\u00f3n Cient\u00edfico Tecnol\u00f3gica, Juan Pablo Paz; el subsecretario de Evaluaci\u00f3n Institucional, Humberto Osvaldo Cisale, entre otros referentes.<\/p>\n<p align=\"JUSTIFY\"><strong>La Pampa al Directorio del CONICET<\/strong><\/p>\n<p align=\"JUSTIFY\"><strong>Es de destacar que la provincia de La Pampa, en la figura de\u00a0la luiggense Luz Mar\u00eda Lardone, qued\u00f3 primera -y por unanimidad- en el orden de m\u00e9rito de la terna que vot\u00f3 la asamblea para tener un lugar, en representaci\u00f3n de las provincias, en el directorio del CONICET<\/strong>.<\/p>\n<p align=\"JUSTIFY\">En la actualidad, esta representaci\u00f3n est\u00e1 en la provincia de San Juan\u00a0en la persona del ingeniero Tulio Del Bono. Dicha terna propuesta qued\u00f3 de la siguiente manera:<\/p>\n<p align=\"JUSTIFY\"><b>Consejo Nacional de Investigaciones Cient\u00edficas y T\u00e9cnicas (CONICET)<\/b>\u00a0(dura 4 a\u00f1os en la gesti\u00f3n).\u00a0Se propone la siguiente terna:<strong>\u00a0Candidata 1: Luz Marina Lardone<\/strong>\u00a0&#8211; La Pampa, Candidata 2: Mar\u00eda Eugenia Rosales \u2013 Catamarca Candidato 3: Orlando Macci\u00f3 \u2013 Corrientes.<\/p>\n<p align=\"JUSTIFY\"><strong>Posicionamiento<\/strong><\/p>\n<p align=\"JUSTIFY\">Los representantes de las 24 jurisdicciones escucharon la posici\u00f3n de la subsecretaria de Federalizaci\u00f3n de la Ciencia, la Tecnolog\u00eda y la Innovaci\u00f3n, Elisa Colombo.<\/p>\n<p align=\"JUSTIFY\">La funcionaria asegur\u00f3 que \u00abtenemos un camino por delante bastante largo. Hay un tema fundamental en el pa\u00eds que es acortar las distancias y asimetr\u00edas regionales\u00bb.<\/p>\n<p align=\"JUSTIFY\">\u00abEsto no se logra de un d\u00eda para el otro. El Ministerio de Ciencia, Tecnolog\u00eda e Innovaci\u00f3n ha puesto a la federalizaci\u00f3n como un eje estrat\u00e9gico y a este eje se lo potencia con articulaci\u00f3n, no s\u00f3lo cient\u00edfica, sino entre Naci\u00f3n, Provincias y municipios\u00bb.<\/p>\n<p align=\"JUSTIFY\">\u00a0Por su parte Lardone, en estrecha concordancia con lo expresado por Salvarezza y Colombo, manifest\u00f3 que \u201ce<strong>xiste una necesidad compartida entre las provincias y la naci\u00f3n, y tambi\u00e9n una gran oportunidad, para llenar de contenido con acciones muchos conceptos\u201d<\/strong>.<\/p>\n<p align=\"JUSTIFY\">Bajo este marco la directora destac\u00f3, \u201cc\u00f3mo desde distintas \u00e1reas del ejecutivo provincial, se ha buscado y se busca la transformaci\u00f3n socio-productiva, que contribuya con un modelo de provincia y de pa\u00eds socialmente justo, econ\u00f3micamente viable, ambientalmente sostenible y tecnol\u00f3gicamente soberano, en estrecha concordancia con los Objetivos de Desarrollo Sostenible\u201d.<\/p>\n<div class=\"oasis-despues-del-contenido\" id=\"oasis-1468945584\"><img loading=\"lazy\" decoding=\"async\" src=\"https:\/\/oasisfm935.com.ar\/site\/wp-content\/uploads\/2020\/08\/47806202-8741-49f2-a5c9-d2f930e5baa1.jpg\" alt=\"\"  srcset=\"https:\/\/oasisfm935.com.ar\/site\/wp-content\/uploads\/2020\/08\/47806202-8741-49f2-a5c9-d2f930e5baa1.jpg 1080w, https:\/\/oasisfm935.com.ar\/site\/wp-content\/uploads\/2020\/08\/47806202-8741-49f2-a5c9-d2f930e5baa1-300x300.jpg 300w, https:\/\/oasisfm935.com.ar\/site\/wp-content\/uploads\/2020\/08\/47806202-8741-49f2-a5c9-d2f930e5baa1-1024x1024.jpg 1024w, https:\/\/oasisfm935.com.ar\/site\/wp-content\/uploads\/2020\/08\/47806202-8741-49f2-a5c9-d2f930e5baa1-150x150.jpg 150w, https:\/\/oasisfm935.com.ar\/site\/wp-content\/uploads\/2020\/08\/47806202-8741-49f2-a5c9-d2f930e5baa1-768x768.jpg 768w\" sizes=\"(max-width: 1080px) 100vw, 1080px\" class=\"no-lazyload\" width=\"1080\" height=\"1080\"  style=\"display: inline-block;\" \/><\/div>","protected":false},"excerpt":{"rendered":"<p>La provincia de La Pampa, en la figura de Luz Mar\u00eda Lardone, qued\u00f3 primera y por unanimidad en el orden de m\u00e9rito<\/p>\n","protected":false},"author":4,"featured_media":4563,"comment_status":"closed","ping_status":"open","sticky":false,"template":"","format":"standard","meta":{"colormag_page_layout":"default_layout","footnotes":""},"categories":[2],"tags":[],"class_list":["post-4562","post","type-post","status-publish","format-standard","has-post-thumbnail","hentry","category-noticias"],"_links":{"self":[{"href":"https:\/\/oasisfm935.com.ar\/site\/wp-json\/wp\/v2\/posts\/4562","targetHints":{"allow":["GET"]}}],"collection":[{"href":"https:\/\/oasisfm935.com.ar\/site\/wp-json\/wp\/v2\/posts"}],"about":[{"href":"https:\/\/oasisfm935.com.ar\/site\/wp-json\/wp\/v2\/types\/post"}],"author":[{"embeddable":true,"href":"https:\/\/oasisfm935.com.ar\/site\/wp-json\/wp\/v2\/users\/4"}],"replies":[{"embeddable":true,"href":"https:\/\/oasisfm935.com.ar\/site\/wp-json\/wp\/v2\/comments?post=4562"}],"version-history":[{"count":1,"href":"https:\/\/oasisfm935.com.ar\/site\/wp-json\/wp\/v2\/posts\/4562\/revisions"}],"predecessor-version":[{"id":4564,"href":"https:\/\/oasisfm935.com.ar\/site\/wp-json\/wp\/v2\/posts\/4562\/revisions\/4564"}],"wp:featuredmedia":[{"embeddable":true,"href":"https:\/\/oasisfm935.com.ar\/site\/wp-json\/wp\/v2\/media\/4563"}],"wp:attachment":[{"href":"https:\/\/oasisfm935.com.ar\/site\/wp-json\/wp\/v2\/media?parent=4562"}],"wp:term":[{"taxonomy":"category","embeddable":true,"href":"https:\/\/oasisfm935.com.ar\/site\/wp-json\/wp\/v2\/categories?post=4562"},{"taxonomy":"post_tag","embeddable":true,"href":"https:\/\/oasisfm935.com.ar\/site\/wp-json\/wp\/v2\/tags?post=4562"}],"curies":[{"name":"wp","href":"https:\/\/api.w.org\/{rel}","templated":true}]}}