{"id":4574,"date":"2020-05-16T15:36:37","date_gmt":"2020-05-16T18:36:37","guid":{"rendered":"http:\/\/oasisfm935.com\/site\/?p=4574"},"modified":"2020-05-16T15:36:37","modified_gmt":"2020-05-16T18:36:37","slug":"cuarentena-los-cazadores-quieren-manifestarse-y-la-policia-les-avisa-que-seran-detenidos","status":"publish","type":"post","link":"https:\/\/oasisfm935.com.ar\/site\/cuarentena-los-cazadores-quieren-manifestarse-y-la-policia-les-avisa-que-seran-detenidos\/","title":{"rendered":"Cuarentena: los cazadores quieren manifestarse y la Polic\u00eda les avisa que ser\u00e1n detenidos"},"content":{"rendered":"<p>Un grupo de cazadores anunci\u00f3 que este lunes, a las 9 de la ma\u00f1ana,\u00a0<strong>pretende manifestarse en la Rotonda del Avi\u00f3n<\/strong>, al norte de Santa Rosa, en reclamo para que se autorice un protocolo que les permita volver a la actividad cineg\u00e9tica. Pero ya\u00a0<strong>desde la Polic\u00eda les advirtieron que podr\u00edan ser detenidos<\/strong>. \u201cNosotros, ante el flagrante quebrantamiento de las normas que rigen la cuarentena, vamos a proceder en consecuencia: se los va a interrogar si tienen la autorizaci\u00f3n y, si no tienen justificaci\u00f3n, se los va a llevar a la comisar\u00eda detenidos y se les va a secuestrar el veh\u00edculo, en base al art\u00edculo 205 del C\u00f3digo Penal\u201d, dijo el jefe de la Polic\u00eda,\u00a0<strong>Roberto Ayala<\/strong>, a Diario Textual.<\/p>\n<p>\u00ab<strong>Se entiende el reclamo. Pero se les ha contestado que por ahora est\u00e1 en estudio el pedido de habilitaci\u00f3n de la temporada de caza<\/strong>\u00ab, dijo.<\/p>\n<p>Los cazadores han presentado protocolos para volver a la actividad, respetando medidas preventivas y de cuidado en el marco de la cuarentena por la pandemia del coronavirus.<\/p>\n<p>La caza est\u00e1 suspendida por 90 d\u00edas. La Direcci\u00f3n de Fauna de la provincia, por recomendaci\u00f3n del Comit\u00e9 de Crisis de La Pampa, por el momento ha rechazado las autorizaciones.<\/p>\n<div class=\"google-auto-placed ap_container\"><\/div>\n<p><strong>La movilizaci\u00f3n tiene el apoyo de la Asociaci\u00f3n de Cazadores con Jaur\u00eda a Puro Dogo y Cuchillo, las asociaciones de cazadores de jaur\u00eda de Toay, el Club de Caza del Valle, el Club de Caza de Quehu\u00e9 y el Club de Caza Mapu Vuy Pudu.<\/strong><\/p>\n<p>Seg\u00fan dijeron, uno de los pedidos m\u00e1s urgentes involucra a los cazadores con perros: pidieron que se permita los vareos de los dogos.<\/p>\n<p><strong>\u00abEl \u00fanico\u00a0<\/strong><span class=\"_3oh- _58nk\"><strong>fin es hacer visible un problema y a la cantidad de gente que afecta\u00bb<\/strong>, dijeron desde las asociaciones, en una nota enviada a Diario Textual. \u00abEntendemos el sentimiento de desamparo y discriminaci\u00f3n de los colegas cazadores tanto con jaur\u00eda como con armas al no ser reconocido como prioridad el aprovechamiento del recurso\u00bb.<\/span><\/p>\n<p>&nbsp;<\/p>\n<div class=\"oasis-despues-del-contenido\" id=\"oasis-2910252560\"><img loading=\"lazy\" decoding=\"async\" src=\"https:\/\/oasisfm935.com.ar\/site\/wp-content\/uploads\/2020\/08\/47806202-8741-49f2-a5c9-d2f930e5baa1.jpg\" alt=\"\"  srcset=\"https:\/\/oasisfm935.com.ar\/site\/wp-content\/uploads\/2020\/08\/47806202-8741-49f2-a5c9-d2f930e5baa1.jpg 1080w, https:\/\/oasisfm935.com.ar\/site\/wp-content\/uploads\/2020\/08\/47806202-8741-49f2-a5c9-d2f930e5baa1-300x300.jpg 300w, https:\/\/oasisfm935.com.ar\/site\/wp-content\/uploads\/2020\/08\/47806202-8741-49f2-a5c9-d2f930e5baa1-1024x1024.jpg 1024w, https:\/\/oasisfm935.com.ar\/site\/wp-content\/uploads\/2020\/08\/47806202-8741-49f2-a5c9-d2f930e5baa1-150x150.jpg 150w, https:\/\/oasisfm935.com.ar\/site\/wp-content\/uploads\/2020\/08\/47806202-8741-49f2-a5c9-d2f930e5baa1-768x768.jpg 768w\" sizes=\"(max-width: 1080px) 100vw, 1080px\" class=\"no-lazyload\" width=\"1080\" height=\"1080\"  style=\"display: inline-block;\" \/><\/div>","protected":false},"excerpt":{"rendered":"<p>Un grupo de cazadores anunci\u00f3 que este lunes, a las 9 de la ma\u00f1ana,\u00a0pretende manifestarse en la Rotonda del Avi\u00f3n, al norte<\/p>\n","protected":false},"author":4,"featured_media":4575,"comment_status":"closed","ping_status":"open","sticky":false,"template":"","format":"standard","meta":{"colormag_page_layout":"default_layout","footnotes":""},"categories":[2],"tags":[],"class_list":["post-4574","post","type-post","status-publish","format-standard","has-post-thumbnail","hentry","category-noticias"],"_links":{"self":[{"href":"https:\/\/oasisfm935.com.ar\/site\/wp-json\/wp\/v2\/posts\/4574","targetHints":{"allow":["GET"]}}],"collection":[{"href":"https:\/\/oasisfm935.com.ar\/site\/wp-json\/wp\/v2\/posts"}],"about":[{"href":"https:\/\/oasisfm935.com.ar\/site\/wp-json\/wp\/v2\/types\/post"}],"author":[{"embeddable":true,"href":"https:\/\/oasisfm935.com.ar\/site\/wp-json\/wp\/v2\/users\/4"}],"replies":[{"embeddable":true,"href":"https:\/\/oasisfm935.com.ar\/site\/wp-json\/wp\/v2\/comments?post=4574"}],"version-history":[{"count":1,"href":"https:\/\/oasisfm935.com.ar\/site\/wp-json\/wp\/v2\/posts\/4574\/revisions"}],"predecessor-version":[{"id":4576,"href":"https:\/\/oasisfm935.com.ar\/site\/wp-json\/wp\/v2\/posts\/4574\/revisions\/4576"}],"wp:featuredmedia":[{"embeddable":true,"href":"https:\/\/oasisfm935.com.ar\/site\/wp-json\/wp\/v2\/media\/4575"}],"wp:attachment":[{"href":"https:\/\/oasisfm935.com.ar\/site\/wp-json\/wp\/v2\/media?parent=4574"}],"wp:term":[{"taxonomy":"category","embeddable":true,"href":"https:\/\/oasisfm935.com.ar\/site\/wp-json\/wp\/v2\/categories?post=4574"},{"taxonomy":"post_tag","embeddable":true,"href":"https:\/\/oasisfm935.com.ar\/site\/wp-json\/wp\/v2\/tags?post=4574"}],"curies":[{"name":"wp","href":"https:\/\/api.w.org\/{rel}","templated":true}]}}