{"id":4599,"date":"2020-05-18T09:30:44","date_gmt":"2020-05-18T12:30:44","guid":{"rendered":"http:\/\/oasisfm935.com\/site\/?p=4599"},"modified":"2020-05-18T09:30:44","modified_gmt":"2020-05-18T12:30:44","slug":"en-medio-de-la-cuarentena-los-cazadores-se-manifestaron-en-santa-rosa","status":"publish","type":"post","link":"https:\/\/oasisfm935.com.ar\/site\/en-medio-de-la-cuarentena-los-cazadores-se-manifestaron-en-santa-rosa\/","title":{"rendered":"En medio de la cuarentena, los cazadores se manifestaron en Santa Rosa"},"content":{"rendered":"<p>Unos 80 cazadores rompieron este lunes la cuarentena para manifestar en la Rotonda del Avi\u00f3n, en Santa Rosa.<\/p>\n<p>Reclaman que se autorice un protocolo que les permita volver a la actividad cineg\u00e9tica.<\/p>\n<p>Ya\u00a0<strong>desde la Polic\u00eda les advirtieron que podr\u00edan ser detenidos<\/strong>. Lo hizo el comisario H\u00e9ctor Suqu\u00eda, que se acerc\u00f3 a conversar. Pero desafiaron el aviso y est\u00e1n concentrados. Algunos sin barbijos y sin respetar el distanciamiento social.<\/p>\n<p><img decoding=\"async\" src=\"http:\/\/diariotextual.com\/inicio\/wp-content\/uploads\/2020\/05\/IMG-20200518-WA0005-1024x576.jpg\" \/><\/p>\n<p>&nbsp;<\/p>\n<p>&nbsp;<\/p>\n<p>\u201cNosotros, ante el flagrante quebrantamiento de las normas que rigen la cuarentena, vamos a proceder en consecuencia: se los va a interrogar si tienen la autorizaci\u00f3n y, si no tienen justificaci\u00f3n, se los va a llevar a la comisar\u00eda detenidos y se les va a secuestrar el veh\u00edculo, en base al art\u00edculo 205 del C\u00f3digo Penal\u201d, hab\u00eda dicho el jefe de la Polic\u00eda,\u00a0<strong>Roberto Ayala<\/strong>, a Diario Textual. \u00ab<strong>Se entiende el reclamo. Pero se les ha contestado que por ahora est\u00e1 en estudio el pedido de habilitaci\u00f3n de la temporada de caza<\/strong>\u00ab.<\/p>\n<p>Los cazadores han presentado protocolos para volver a la actividad, respetando medidas preventivas y de cuidado en el marco de la cuarentena por la pandemia del coronavirus.<\/p>\n<p>La caza est\u00e1 suspendida por 90 d\u00edas. La Direcci\u00f3n de Fauna de la provincia, por recomendaci\u00f3n del Comit\u00e9 de Crisis de La Pampa, por el momento ha rechazado las autorizaciones.<\/p>\n<p><strong>Este reclamo est\u00e1 motorizado por la Asociaci\u00f3n de Cazadores con Jaur\u00eda a Puro Dogo y Cuchillo, las asociaciones de cazadores de jaur\u00eda de Toay, el Club de Caza del Valle, el Club de Caza de Quehu\u00e9 y el Club de Caza Mapu Vuy Pud\u00fa.<\/strong><\/p>\n<p>Seg\u00fan dijeron, uno de los pedidos m\u00e1s urgentes involucra a los cazadores con perros: pidieron que se permita los vareos de los dogos.<\/p>\n<p><strong>\u00abEl \u00fanico\u00a0<\/strong><span class=\"_3oh- _58nk\"><strong>fin es hacer visible un problema y a la cantidad de gente que afecta\u00bb<\/strong>, dijeron desde las asociaciones, en una nota enviada a Diario Textual. \u00abEntendemos el sentimiento de desamparo y discriminaci\u00f3n de los colegas cazadores tanto con jaur\u00eda como con armas al no ser reconocido como prioridad el aprovechamiento del recurso\u00bb<\/span><\/p>\n<p>&nbsp;<\/p>\n<div class=\"oasis-despues-del-contenido\" id=\"oasis-2695517720\"><img loading=\"lazy\" decoding=\"async\" src=\"https:\/\/oasisfm935.com.ar\/site\/wp-content\/uploads\/2020\/08\/47806202-8741-49f2-a5c9-d2f930e5baa1.jpg\" alt=\"\"  srcset=\"https:\/\/oasisfm935.com.ar\/site\/wp-content\/uploads\/2020\/08\/47806202-8741-49f2-a5c9-d2f930e5baa1.jpg 1080w, https:\/\/oasisfm935.com.ar\/site\/wp-content\/uploads\/2020\/08\/47806202-8741-49f2-a5c9-d2f930e5baa1-300x300.jpg 300w, https:\/\/oasisfm935.com.ar\/site\/wp-content\/uploads\/2020\/08\/47806202-8741-49f2-a5c9-d2f930e5baa1-1024x1024.jpg 1024w, https:\/\/oasisfm935.com.ar\/site\/wp-content\/uploads\/2020\/08\/47806202-8741-49f2-a5c9-d2f930e5baa1-150x150.jpg 150w, https:\/\/oasisfm935.com.ar\/site\/wp-content\/uploads\/2020\/08\/47806202-8741-49f2-a5c9-d2f930e5baa1-768x768.jpg 768w\" sizes=\"(max-width: 1080px) 100vw, 1080px\" class=\"no-lazyload\" width=\"1080\" height=\"1080\"  style=\"display: inline-block;\" \/><\/div>","protected":false},"excerpt":{"rendered":"<p>Unos 80 cazadores rompieron este lunes la cuarentena para manifestar en la Rotonda del Avi\u00f3n, en Santa Rosa. Reclaman que se autorice<\/p>\n","protected":false},"author":4,"featured_media":4600,"comment_status":"closed","ping_status":"open","sticky":false,"template":"","format":"image","meta":{"colormag_page_layout":"default_layout","footnotes":""},"categories":[2],"tags":[],"class_list":["post-4599","post","type-post","status-publish","format-image","has-post-thumbnail","hentry","category-noticias","post_format-post-format-image"],"_links":{"self":[{"href":"https:\/\/oasisfm935.com.ar\/site\/wp-json\/wp\/v2\/posts\/4599","targetHints":{"allow":["GET"]}}],"collection":[{"href":"https:\/\/oasisfm935.com.ar\/site\/wp-json\/wp\/v2\/posts"}],"about":[{"href":"https:\/\/oasisfm935.com.ar\/site\/wp-json\/wp\/v2\/types\/post"}],"author":[{"embeddable":true,"href":"https:\/\/oasisfm935.com.ar\/site\/wp-json\/wp\/v2\/users\/4"}],"replies":[{"embeddable":true,"href":"https:\/\/oasisfm935.com.ar\/site\/wp-json\/wp\/v2\/comments?post=4599"}],"version-history":[{"count":1,"href":"https:\/\/oasisfm935.com.ar\/site\/wp-json\/wp\/v2\/posts\/4599\/revisions"}],"predecessor-version":[{"id":4601,"href":"https:\/\/oasisfm935.com.ar\/site\/wp-json\/wp\/v2\/posts\/4599\/revisions\/4601"}],"wp:featuredmedia":[{"embeddable":true,"href":"https:\/\/oasisfm935.com.ar\/site\/wp-json\/wp\/v2\/media\/4600"}],"wp:attachment":[{"href":"https:\/\/oasisfm935.com.ar\/site\/wp-json\/wp\/v2\/media?parent=4599"}],"wp:term":[{"taxonomy":"category","embeddable":true,"href":"https:\/\/oasisfm935.com.ar\/site\/wp-json\/wp\/v2\/categories?post=4599"},{"taxonomy":"post_tag","embeddable":true,"href":"https:\/\/oasisfm935.com.ar\/site\/wp-json\/wp\/v2\/tags?post=4599"}],"curies":[{"name":"wp","href":"https:\/\/api.w.org\/{rel}","templated":true}]}}