{"id":4607,"date":"2020-05-18T12:33:30","date_gmt":"2020-05-18T15:33:30","guid":{"rendered":"http:\/\/oasisfm935.com\/site\/?p=4607"},"modified":"2020-05-18T19:17:59","modified_gmt":"2020-05-18T22:17:59","slug":"anses-sigue-sin-atencion-al-publico-como-hacer-consultas-en-ingeniero-luiggi","status":"publish","type":"post","link":"https:\/\/oasisfm935.com.ar\/site\/anses-sigue-sin-atencion-al-publico-como-hacer-consultas-en-ingeniero-luiggi\/","title":{"rendered":"Anses sigue sin atenci\u00f3n al p\u00fablico: c\u00f3mo hacer consultas en Ingeniero Luiggi."},"content":{"rendered":"<p>La ANSES informa que las oficinas del organismo todav\u00eda no est\u00e1n atendiendo al p\u00fablico y sus empleados est\u00e1n trabajando a puertas cerradas hasta que se aplique el protocolo sanitario.<\/p>\n<p>La apertura de las delegaciones se realizar\u00e1 seg\u00fan las regiones y localidades, ya que depende de la circulaci\u00f3n del virus en cada una de ellas.<\/p>\n<p>Desde la semana pasada, las oficinas se abrieron solo para el personal lo que permiti\u00f3 poner al d\u00eda gran cantidad de tr\u00e1mites que hab\u00edan quedado sin curso al momento de declararse la cuarentena.<\/p>\n<p>Por correo electr\u00f3nico oficinaingenieroluiggi@gmail.com , o la pagina oficial\u00a0 <a id=\"LPlnk226154\" href=\"http:\/\/www.anses.gob.ar\/\" target=\"_blank\" rel=\"noopener noreferrer\" data-auth=\"NotApplicable\">www.anses.gob.ar<\/a>.<\/p>\n<div class=\"oasis-despues-del-contenido\" id=\"oasis-2516713233\"><img loading=\"lazy\" decoding=\"async\" src=\"https:\/\/oasisfm935.com.ar\/site\/wp-content\/uploads\/2020\/08\/47806202-8741-49f2-a5c9-d2f930e5baa1.jpg\" alt=\"\"  srcset=\"https:\/\/oasisfm935.com.ar\/site\/wp-content\/uploads\/2020\/08\/47806202-8741-49f2-a5c9-d2f930e5baa1.jpg 1080w, https:\/\/oasisfm935.com.ar\/site\/wp-content\/uploads\/2020\/08\/47806202-8741-49f2-a5c9-d2f930e5baa1-300x300.jpg 300w, https:\/\/oasisfm935.com.ar\/site\/wp-content\/uploads\/2020\/08\/47806202-8741-49f2-a5c9-d2f930e5baa1-1024x1024.jpg 1024w, https:\/\/oasisfm935.com.ar\/site\/wp-content\/uploads\/2020\/08\/47806202-8741-49f2-a5c9-d2f930e5baa1-150x150.jpg 150w, https:\/\/oasisfm935.com.ar\/site\/wp-content\/uploads\/2020\/08\/47806202-8741-49f2-a5c9-d2f930e5baa1-768x768.jpg 768w\" sizes=\"(max-width: 1080px) 100vw, 1080px\" class=\"no-lazyload\" width=\"1080\" height=\"1080\"  style=\"display: inline-block;\" \/><\/div>","protected":false},"excerpt":{"rendered":"<p>La ANSES informa que las oficinas del organismo todav\u00eda no est\u00e1n atendiendo al p\u00fablico y sus empleados est\u00e1n trabajando a puertas cerradas<\/p>\n","protected":false},"author":4,"featured_media":4616,"comment_status":"closed","ping_status":"open","sticky":false,"template":"","format":"standard","meta":{"colormag_page_layout":"default_layout","footnotes":""},"categories":[2],"tags":[],"class_list":["post-4607","post","type-post","status-publish","format-standard","has-post-thumbnail","hentry","category-noticias"],"_links":{"self":[{"href":"https:\/\/oasisfm935.com.ar\/site\/wp-json\/wp\/v2\/posts\/4607","targetHints":{"allow":["GET"]}}],"collection":[{"href":"https:\/\/oasisfm935.com.ar\/site\/wp-json\/wp\/v2\/posts"}],"about":[{"href":"https:\/\/oasisfm935.com.ar\/site\/wp-json\/wp\/v2\/types\/post"}],"author":[{"embeddable":true,"href":"https:\/\/oasisfm935.com.ar\/site\/wp-json\/wp\/v2\/users\/4"}],"replies":[{"embeddable":true,"href":"https:\/\/oasisfm935.com.ar\/site\/wp-json\/wp\/v2\/comments?post=4607"}],"version-history":[{"count":2,"href":"https:\/\/oasisfm935.com.ar\/site\/wp-json\/wp\/v2\/posts\/4607\/revisions"}],"predecessor-version":[{"id":4609,"href":"https:\/\/oasisfm935.com.ar\/site\/wp-json\/wp\/v2\/posts\/4607\/revisions\/4609"}],"wp:featuredmedia":[{"embeddable":true,"href":"https:\/\/oasisfm935.com.ar\/site\/wp-json\/wp\/v2\/media\/4616"}],"wp:attachment":[{"href":"https:\/\/oasisfm935.com.ar\/site\/wp-json\/wp\/v2\/media?parent=4607"}],"wp:term":[{"taxonomy":"category","embeddable":true,"href":"https:\/\/oasisfm935.com.ar\/site\/wp-json\/wp\/v2\/categories?post=4607"},{"taxonomy":"post_tag","embeddable":true,"href":"https:\/\/oasisfm935.com.ar\/site\/wp-json\/wp\/v2\/tags?post=4607"}],"curies":[{"name":"wp","href":"https:\/\/api.w.org\/{rel}","templated":true}]}}