{"id":4617,"date":"2020-05-18T19:40:42","date_gmt":"2020-05-18T22:40:42","guid":{"rendered":"http:\/\/oasisfm935.com\/site\/?p=4617"},"modified":"2020-05-18T19:46:38","modified_gmt":"2020-05-18T22:46:38","slug":"ingeniero-luiggi-mas-infractores-a-la-cuarentena","status":"publish","type":"post","link":"https:\/\/oasisfm935.com.ar\/site\/ingeniero-luiggi-mas-infractores-a-la-cuarentena\/","title":{"rendered":"Ingeniero Luiggi : MAS INFRACTORES A LA CUARENTENA"},"content":{"rendered":"<blockquote><p><strong>A dos meses del inicio del Aislamiento Social, Preventivo y Obligatorio, hay personas que siguen incumpliendo la medida dispuesta a nivel nacional.<\/strong><\/p><\/blockquote>\n<p>En horas de la noche del s\u00e1bado 16 y madrugada del domingo 17 del presente mes, personal policial que efectuaba sus recorridas, logro interceptar en diferentes sectores de la localidad a 4 personas mayores de edad, que se hallaban en la v\u00eda p\u00fablica, sin un motivo justificable para no respetar el aislamiento social preventivo y obligatorio<em>.<\/em><\/p>\n<p>Ante esto es que se labraron las actuaciones judiciales respectivas por INFRACCI\u00d3N A LOS ART\u00cdCULOS 205 Y 239 DEL C\u00d3DIGO PENAL, con intervenci\u00f3n de la Fiscal\u00eda General de la Segunda Circunscripci\u00f3n Judicial con asiento en la ciudad de General Pico, a cargo del Dr. Armando AG\u00dcERO, quedando todos los imputados a disposici\u00f3n de dicho magistrado.-<\/p>\n<div class=\"oasis-despues-del-contenido\" id=\"oasis-650304674\"><img loading=\"lazy\" decoding=\"async\" src=\"https:\/\/oasisfm935.com.ar\/site\/wp-content\/uploads\/2020\/08\/47806202-8741-49f2-a5c9-d2f930e5baa1.jpg\" alt=\"\"  srcset=\"https:\/\/oasisfm935.com.ar\/site\/wp-content\/uploads\/2020\/08\/47806202-8741-49f2-a5c9-d2f930e5baa1.jpg 1080w, https:\/\/oasisfm935.com.ar\/site\/wp-content\/uploads\/2020\/08\/47806202-8741-49f2-a5c9-d2f930e5baa1-300x300.jpg 300w, https:\/\/oasisfm935.com.ar\/site\/wp-content\/uploads\/2020\/08\/47806202-8741-49f2-a5c9-d2f930e5baa1-1024x1024.jpg 1024w, https:\/\/oasisfm935.com.ar\/site\/wp-content\/uploads\/2020\/08\/47806202-8741-49f2-a5c9-d2f930e5baa1-150x150.jpg 150w, https:\/\/oasisfm935.com.ar\/site\/wp-content\/uploads\/2020\/08\/47806202-8741-49f2-a5c9-d2f930e5baa1-768x768.jpg 768w\" sizes=\"(max-width: 1080px) 100vw, 1080px\" class=\"no-lazyload\" width=\"1080\" height=\"1080\"  style=\"display: inline-block;\" \/><\/div>","protected":false},"excerpt":{"rendered":"<p>A dos meses del inicio del Aislamiento Social, Preventivo y Obligatorio, hay personas que siguen incumpliendo la medida dispuesta a nivel nacional.<\/p>\n","protected":false},"author":4,"featured_media":4286,"comment_status":"closed","ping_status":"open","sticky":false,"template":"","format":"standard","meta":{"colormag_page_layout":"default_layout","footnotes":""},"categories":[2],"tags":[],"class_list":["post-4617","post","type-post","status-publish","format-standard","has-post-thumbnail","hentry","category-noticias"],"_links":{"self":[{"href":"https:\/\/oasisfm935.com.ar\/site\/wp-json\/wp\/v2\/posts\/4617","targetHints":{"allow":["GET"]}}],"collection":[{"href":"https:\/\/oasisfm935.com.ar\/site\/wp-json\/wp\/v2\/posts"}],"about":[{"href":"https:\/\/oasisfm935.com.ar\/site\/wp-json\/wp\/v2\/types\/post"}],"author":[{"embeddable":true,"href":"https:\/\/oasisfm935.com.ar\/site\/wp-json\/wp\/v2\/users\/4"}],"replies":[{"embeddable":true,"href":"https:\/\/oasisfm935.com.ar\/site\/wp-json\/wp\/v2\/comments?post=4617"}],"version-history":[{"count":3,"href":"https:\/\/oasisfm935.com.ar\/site\/wp-json\/wp\/v2\/posts\/4617\/revisions"}],"predecessor-version":[{"id":4620,"href":"https:\/\/oasisfm935.com.ar\/site\/wp-json\/wp\/v2\/posts\/4617\/revisions\/4620"}],"wp:featuredmedia":[{"embeddable":true,"href":"https:\/\/oasisfm935.com.ar\/site\/wp-json\/wp\/v2\/media\/4286"}],"wp:attachment":[{"href":"https:\/\/oasisfm935.com.ar\/site\/wp-json\/wp\/v2\/media?parent=4617"}],"wp:term":[{"taxonomy":"category","embeddable":true,"href":"https:\/\/oasisfm935.com.ar\/site\/wp-json\/wp\/v2\/categories?post=4617"},{"taxonomy":"post_tag","embeddable":true,"href":"https:\/\/oasisfm935.com.ar\/site\/wp-json\/wp\/v2\/tags?post=4617"}],"curies":[{"name":"wp","href":"https:\/\/api.w.org\/{rel}","templated":true}]}}