{"id":4630,"date":"2020-05-18T21:30:39","date_gmt":"2020-05-19T00:30:39","guid":{"rendered":"http:\/\/oasisfm935.com\/site\/?p=4630"},"modified":"2020-05-18T21:39:10","modified_gmt":"2020-05-19T00:39:10","slug":"ingeniero-luiggi-les-pedimos-a-la-gente-en-esta-cuarentena-mas-controlada-y-ampliada-responsabilidad","status":"publish","type":"post","link":"https:\/\/oasisfm935.com.ar\/site\/ingeniero-luiggi-les-pedimos-a-la-gente-en-esta-cuarentena-mas-controlada-y-ampliada-responsabilidad\/","title":{"rendered":"Ingeniero Luiggi :Les pedimos a la gente en esta cuarentena m\u00e1s controlada y ampliada responsabilidad ."},"content":{"rendered":"<p><strong>El Municipio de Ingeniero Luiggi en un trabajo conjunto con los integrantes del Comit\u00e9 de Emergencia dispuso nuevas flexibilizaciones a la cuarentena que rige a nivel nacional desde hace casi dos meses<\/strong><\/p>\n<p>En comunicaci\u00f3n con Fm Oasis Noelia Telleria Jueza de falta local se refiri\u00f3\u00a0flexibilizaciones: Se\u00a0flexibilizaron algunas cuestiones, pero bueno siempre tenemos que tener las medidas de seguridad higiene y protecci\u00f3n estamos pidiendo por favor el uso del barbijo y que en los lugares donde ingrese la gente a los comercios sobre todo o actividades\u00a0 que se vaya a desempe\u00f1ar sea en relaci\u00f3n a la cantidad que estuvimos sugiriendo, depende de los locales, no son m\u00e1s 1 o 2 personas por comercios o lugares como aseguradoras , servicios Profesional\u00a0 y dem\u00e1s<\/p>\n<blockquote><p>Todo lo que es casas de comidas, restaurantes, rotiser\u00edas, helader\u00edas o que vendan venta de alimentos elaborados pueden trabajar de Lunes a Domingos de 11:00 a 14:00 y de 20:00 a 23:00.<\/p><\/blockquote>\n<p><em>Las caminatas recreativas ahora se ampliaron todos los d\u00edas pero no los horarios de 8:00 a 18:00 m\u00e1ximo una\u00a0 personas, no alejarse m\u00e1s de 500 metros. Esto es un disposici\u00f3n que no depende del municipio si no que viene por decreto de la Provincia y no podemos nosotros como municipio hacer modificaciones si le pedimos que utilicen el cubre boca nariz y ment\u00f3n y que son conviviente no sean m\u00e1s de dos personas<\/em><\/p>\n<blockquote><p>Venta de mercader\u00edas elaboradas y no elaborada, tiendas, zapater\u00edas, librer\u00edas, art\u00edculos del hogar, accesorios de comercios minoristas y mayoristas, res puestos\u00a0y cualquier otra actividad comercial con habilitaci\u00f3n municipal pueden atender de Lunes a S\u00e1bados de 7:00 a 18:00 esta es una ampliaci\u00f3n sobre todo las tiendas que ven\u00edan trabando de tarde nada mas\u00a0\u00a0ahora pueden trabajar de ma\u00f1ana y tarde y el S\u00e1bado.<\/p><\/blockquote>\n<p><em>Todo lo que es centro de\u00a0est\u00e9ticas:\u00a0Peluquer\u00eda,\u00a0barber\u00eda,\u00a0pedicura\u00a0incluso salud como lo que es\u00a0atenci\u00f3n\u00a0psic\u00f3logos, nutricionistas, kinesi\u00f3logos, fonoaudi\u00f3logos, psicopedagogos esos trabajan de Lunes a Viernes de 13:00 a 18:00. El\u00a0s\u00e1bado\u00a0es el\u00a0\u00fanico\u00a0d\u00eda\u00a0que pueden\u00a0trabajar\u00a0el\u00a0d\u00eda\u00a0s\u00e1bado\u00a08:00 a 18:00 horas.<\/em><\/p>\n<blockquote><p>Todos lo que es\u00a0servicios\u00a0profesionales\u00a0como\u00a0 Escribanos, Martilleros, Correderos de Comercios, contadores, Abogados el servicio es de tarde de 13;00 a 18:00 horas y los\u00a0S\u00e1bado\u00a0solamente de ma\u00f1ana . El\u00a0decreto\u00a0Provincial no modifica los horarios de ma\u00f1ana no se puede atender lo que es el servicio\u00a0Profesional.<\/p><\/blockquote>\n<p><em>Lo que es Agencias\u00a0 y puestos oficiales: Las\u00a0\u00fanicas\u00a0que\u00a0est\u00e1n\u00a0habilitadas son las agencias, no puede andar los que normalmente o\u00a0com\u00fanmente\u00a0se llama los que levantan quinielas en las calles. Solamente la gente que quiere jugar tiene que ir a la agencia oficial o los Kioscos\u00a0habitados\u00a0a tal fin, no pueden trabajar las personas que levantan quiniela.<\/em><\/p>\n<blockquote><p>Lo que es servicios dom\u00e9sticos no hubo modificaciones sigue con el mismo horarios de Lunes a Viernes de 8:00 a 18:00 horas.<\/p><\/blockquote>\n<p><strong>Lo que si solicitamos en esta cuarentena un poco mas controlada y ampliada la gente los recaudo necesarios de no ingresar a los comercios con la cantidad de gente\u00a0 que no est\u00e1 indicada es decir m\u00e1s de una o dos personas, usar por favor el barbijo, salir lo menos posible de la casa y evitar la circulaci\u00f3n si no es necesario sobre la gente adulta.<\/strong><\/p>\n<div class=\"oasis-despues-del-contenido\" id=\"oasis-546173749\"><img loading=\"lazy\" decoding=\"async\" src=\"https:\/\/oasisfm935.com.ar\/site\/wp-content\/uploads\/2020\/08\/47806202-8741-49f2-a5c9-d2f930e5baa1.jpg\" alt=\"\"  srcset=\"https:\/\/oasisfm935.com.ar\/site\/wp-content\/uploads\/2020\/08\/47806202-8741-49f2-a5c9-d2f930e5baa1.jpg 1080w, https:\/\/oasisfm935.com.ar\/site\/wp-content\/uploads\/2020\/08\/47806202-8741-49f2-a5c9-d2f930e5baa1-300x300.jpg 300w, https:\/\/oasisfm935.com.ar\/site\/wp-content\/uploads\/2020\/08\/47806202-8741-49f2-a5c9-d2f930e5baa1-1024x1024.jpg 1024w, https:\/\/oasisfm935.com.ar\/site\/wp-content\/uploads\/2020\/08\/47806202-8741-49f2-a5c9-d2f930e5baa1-150x150.jpg 150w, https:\/\/oasisfm935.com.ar\/site\/wp-content\/uploads\/2020\/08\/47806202-8741-49f2-a5c9-d2f930e5baa1-768x768.jpg 768w\" sizes=\"(max-width: 1080px) 100vw, 1080px\" class=\"no-lazyload\" width=\"1080\" height=\"1080\"  style=\"display: inline-block;\" \/><\/div>","protected":false},"excerpt":{"rendered":"<p>El Municipio de Ingeniero Luiggi en un trabajo conjunto con los integrantes del Comit\u00e9 de Emergencia dispuso nuevas flexibilizaciones a la cuarentena<\/p>\n","protected":false},"author":4,"featured_media":4428,"comment_status":"closed","ping_status":"open","sticky":false,"template":"","format":"standard","meta":{"colormag_page_layout":"default_layout","footnotes":""},"categories":[2],"tags":[],"class_list":["post-4630","post","type-post","status-publish","format-standard","has-post-thumbnail","hentry","category-noticias"],"_links":{"self":[{"href":"https:\/\/oasisfm935.com.ar\/site\/wp-json\/wp\/v2\/posts\/4630","targetHints":{"allow":["GET"]}}],"collection":[{"href":"https:\/\/oasisfm935.com.ar\/site\/wp-json\/wp\/v2\/posts"}],"about":[{"href":"https:\/\/oasisfm935.com.ar\/site\/wp-json\/wp\/v2\/types\/post"}],"author":[{"embeddable":true,"href":"https:\/\/oasisfm935.com.ar\/site\/wp-json\/wp\/v2\/users\/4"}],"replies":[{"embeddable":true,"href":"https:\/\/oasisfm935.com.ar\/site\/wp-json\/wp\/v2\/comments?post=4630"}],"version-history":[{"count":12,"href":"https:\/\/oasisfm935.com.ar\/site\/wp-json\/wp\/v2\/posts\/4630\/revisions"}],"predecessor-version":[{"id":4643,"href":"https:\/\/oasisfm935.com.ar\/site\/wp-json\/wp\/v2\/posts\/4630\/revisions\/4643"}],"wp:featuredmedia":[{"embeddable":true,"href":"https:\/\/oasisfm935.com.ar\/site\/wp-json\/wp\/v2\/media\/4428"}],"wp:attachment":[{"href":"https:\/\/oasisfm935.com.ar\/site\/wp-json\/wp\/v2\/media?parent=4630"}],"wp:term":[{"taxonomy":"category","embeddable":true,"href":"https:\/\/oasisfm935.com.ar\/site\/wp-json\/wp\/v2\/categories?post=4630"},{"taxonomy":"post_tag","embeddable":true,"href":"https:\/\/oasisfm935.com.ar\/site\/wp-json\/wp\/v2\/tags?post=4630"}],"curies":[{"name":"wp","href":"https:\/\/api.w.org\/{rel}","templated":true}]}}