{"id":4644,"date":"2020-05-19T08:24:22","date_gmt":"2020-05-19T11:24:22","guid":{"rendered":"http:\/\/oasisfm935.com\/site\/?p=4644"},"modified":"2020-05-19T08:24:29","modified_gmt":"2020-05-19T11:24:29","slug":"las-jubilaciones-y-pensiones-suben-un-612-a-partir-de-junio","status":"publish","type":"post","link":"https:\/\/oasisfm935.com.ar\/site\/las-jubilaciones-y-pensiones-suben-un-612-a-partir-de-junio\/","title":{"rendered":"Las jubilaciones y pensiones suben un 6,12 % a partir de junio"},"content":{"rendered":"<p>El Gobierno Nacional anunci\u00f3 este lunes\u00a0<strong>un incremento del 6,12 por ciento en las jubilaciones y pensiones a partir de junio<\/strong>\u00a0y para todas las categor\u00edas, lo que llevar\u00e1<strong>\u00a0la jubilaci\u00f3n m\u00ednima a 16.864 pesos y el haber m\u00e1ximo a 118.044 pesos.<\/strong><\/p>\n<p>El anuncio realizado esta tarde en Casa de Gobierno estuvo a cargo de los titulares, de Trabajo, Claudio Moroni; y de la Anses, Fernanda Raverta, quienes explicaron que\u00a0<strong>con el aumento otorgado por decreto presidencial, las jubilaciones m\u00ednimas registran desde marzo un incremento del 19,9 por ciento.<\/strong><\/p>\n<p>El aumento es del 6,12 por ciento para todos los jubilados y pensionados de acuerdo a la escala de la pir\u00e1mide, lo que lleva la jubilaci\u00f3n m\u00ednima a 16.864 pesos y el haber m\u00e1ximo a 118.044 pesos, detallaron fuentes oficiales.<\/p>\n<p>La\u00a0<strong>suba incluye adem\u00e1s a las pensiones no contributivas, a la asignaci\u00f3n universal por hijo, la asignaci\u00f3n universal por embarazo y las asignaciones familiares<\/strong>. De esta manera, el incremento otorgado alcanza universo de m\u00e1s de 16 millones de beneficiarios.<\/p>\n<p>Durante el anuncio,\u00a0<strong>Raverta, destac\u00f3 que desde que asumi\u00f3 el gobierno de Alberto Fern\u00e1ndez m\u00e1s del 80% de los jubilados y pensionados le \u201chan ganado a la inflaci\u00f3n\u201d<\/strong>\u00a0con los aumentos otorgados, con la consecuente recuperaci\u00f3n del poder adquisitivo.<\/p>\n<p>En ese sentido, desde la Casa Rosada se detall\u00f3 que ante\u00a0<strong>una inflaci\u00f3n proyectada del 14,4 por ciento en este semestre, los jubilados y pensionados que cobran la jubilaci\u00f3n m\u00ednima la han superado en un 5 por ciento.<\/strong><\/p>\n<p>Con los bonos otorgados por 13 mil pesos desde diciembre del a\u00f1o pasado hasta hoy, la gran mayor\u00eda de los jubilados y pensionados fueron beneficiados con un monto extra similar a la de una jubilaci\u00f3n m\u00ednima o aguinaldo completo.<\/p>\n<p>Por \u00faltimo, se destac\u00f3 que en los cinco meses que lleva adelante la actual administraci\u00f3n, los jubilados y pensionados tambi\u00e9n han obtenido un ingreso indirecto importante, producto del congelamiento de tarifas de los servicios p\u00fablicos y el regreso de los medicamentos gratuitos que otorga el PAMI y que genera un ahorro del 30 por ciento de la econom\u00eda de los mayores.<\/p>\n<div class=\"oasis-despues-del-contenido\" id=\"oasis-1834585484\"><img loading=\"lazy\" decoding=\"async\" src=\"https:\/\/oasisfm935.com.ar\/site\/wp-content\/uploads\/2020\/08\/47806202-8741-49f2-a5c9-d2f930e5baa1.jpg\" alt=\"\"  srcset=\"https:\/\/oasisfm935.com.ar\/site\/wp-content\/uploads\/2020\/08\/47806202-8741-49f2-a5c9-d2f930e5baa1.jpg 1080w, https:\/\/oasisfm935.com.ar\/site\/wp-content\/uploads\/2020\/08\/47806202-8741-49f2-a5c9-d2f930e5baa1-300x300.jpg 300w, https:\/\/oasisfm935.com.ar\/site\/wp-content\/uploads\/2020\/08\/47806202-8741-49f2-a5c9-d2f930e5baa1-1024x1024.jpg 1024w, https:\/\/oasisfm935.com.ar\/site\/wp-content\/uploads\/2020\/08\/47806202-8741-49f2-a5c9-d2f930e5baa1-150x150.jpg 150w, https:\/\/oasisfm935.com.ar\/site\/wp-content\/uploads\/2020\/08\/47806202-8741-49f2-a5c9-d2f930e5baa1-768x768.jpg 768w\" sizes=\"(max-width: 1080px) 100vw, 1080px\" class=\"no-lazyload\" width=\"1080\" height=\"1080\"  style=\"display: inline-block;\" \/><\/div>","protected":false},"excerpt":{"rendered":"<p>El Gobierno Nacional anunci\u00f3 este lunes\u00a0un incremento del 6,12 por ciento en las jubilaciones y pensiones a partir de junio\u00a0y para todas<\/p>\n","protected":false},"author":4,"featured_media":4645,"comment_status":"closed","ping_status":"open","sticky":false,"template":"","format":"standard","meta":{"colormag_page_layout":"default_layout","footnotes":""},"categories":[2],"tags":[],"class_list":["post-4644","post","type-post","status-publish","format-standard","has-post-thumbnail","hentry","category-noticias"],"_links":{"self":[{"href":"https:\/\/oasisfm935.com.ar\/site\/wp-json\/wp\/v2\/posts\/4644","targetHints":{"allow":["GET"]}}],"collection":[{"href":"https:\/\/oasisfm935.com.ar\/site\/wp-json\/wp\/v2\/posts"}],"about":[{"href":"https:\/\/oasisfm935.com.ar\/site\/wp-json\/wp\/v2\/types\/post"}],"author":[{"embeddable":true,"href":"https:\/\/oasisfm935.com.ar\/site\/wp-json\/wp\/v2\/users\/4"}],"replies":[{"embeddable":true,"href":"https:\/\/oasisfm935.com.ar\/site\/wp-json\/wp\/v2\/comments?post=4644"}],"version-history":[{"count":1,"href":"https:\/\/oasisfm935.com.ar\/site\/wp-json\/wp\/v2\/posts\/4644\/revisions"}],"predecessor-version":[{"id":4646,"href":"https:\/\/oasisfm935.com.ar\/site\/wp-json\/wp\/v2\/posts\/4644\/revisions\/4646"}],"wp:featuredmedia":[{"embeddable":true,"href":"https:\/\/oasisfm935.com.ar\/site\/wp-json\/wp\/v2\/media\/4645"}],"wp:attachment":[{"href":"https:\/\/oasisfm935.com.ar\/site\/wp-json\/wp\/v2\/media?parent=4644"}],"wp:term":[{"taxonomy":"category","embeddable":true,"href":"https:\/\/oasisfm935.com.ar\/site\/wp-json\/wp\/v2\/categories?post=4644"},{"taxonomy":"post_tag","embeddable":true,"href":"https:\/\/oasisfm935.com.ar\/site\/wp-json\/wp\/v2\/tags?post=4644"}],"curies":[{"name":"wp","href":"https:\/\/api.w.org\/{rel}","templated":true}]}}