{"id":4673,"date":"2020-05-20T12:15:28","date_gmt":"2020-05-20T15:15:28","guid":{"rendered":"http:\/\/oasisfm935.com\/site\/?p=4673"},"modified":"2020-05-20T12:21:25","modified_gmt":"2020-05-20T15:21:25","slug":"la-pampa-otra-denuncia-contra-abuso-policial-ahora-en-vertiz","status":"publish","type":"post","link":"https:\/\/oasisfm935.com.ar\/site\/la-pampa-otra-denuncia-contra-abuso-policial-ahora-en-vertiz\/","title":{"rendered":"La Pampa: Otra denuncia contra abuso policial: ahora en V\u00e9rtiz."},"content":{"rendered":"<p><strong>Jennifer Echenique tiene 19 a\u00f1os y se anim\u00f3 a hacer una denuncia p\u00fablica y en Fiscal\u00eda al ser maltratada por un oficial de Polic\u00eda de la localidad de V\u00e9rtiz.<\/strong>\u00a0El hecho ocurri\u00f3 el<strong>\u00a0domingo, minutos despu\u00e9s de las 18 horas y cuando conclu\u00eda el horario del permitido de visitas familiares<\/strong>\u00a0en nuestra provincia.<\/p>\n<p>\u201c<strong>Hab\u00eda acompa\u00f1ado a mi cu\u00f1ada a su casa y ya estaba por volverme a la m\u00eda, cuando se acerca la camioneta de la Polic\u00eda, se baja un oficial y me dice que me vaya a mi casa<\/strong>, le digo que s\u00ed, que tomaba un poco de agua y me iba, pero enseguida me tira el vaso, me dobla la mu\u00f1eca y sent\u00ed que me la estaba quebrando\u201d, expres\u00f3\u00a0 y remarc\u00f3 que\u00a0<strong>el efectivo policial la tir\u00f3 al piso, para luego levantarla y obligarla a subir a la camioneta, en medio de varios forcejeos.<\/strong>\u00a0Eran las 18.15 del domingo, seg\u00fan la denunciante.<\/p>\n<p>\u201cLe digo que no me maltrate, que ya me iba a mi casa y no le import\u00f3.\u00a0<strong>Al subirme a la camioneta, con su codo me aprieta la nuca, le digo que me suelte, que no puedo respirar, pero no me hac\u00eda caso<\/strong>\u201d, agreg\u00f3.<\/p>\n<p>Jennifer relat\u00f3 que todo lo que le pas\u00f3 fue ante la mirada del otro efectivo policial que manejaba la camioneta.\u00a0<strong>\u201cMe llevan hasta la comisar\u00eda y me dijo que me baje, no me quiero bajar y entonces me tir\u00f3 del brazo y me arrastr\u00f3 hasta la entrada<\/strong>\u201d, relat\u00f3 y aclar\u00f3 que\u00a0<strong>en ese momento estaba la mujer del oficial agresor, quien tambi\u00e9n es polic\u00eda.<\/strong><\/p>\n<p><img decoding=\"async\" src=\"http:\/\/diariotextual.com\/inicio\/wp-content\/uploads\/2020\/05\/VertizMaltrato1-210x300.jpg\" \/><\/p>\n<p>\u201c<strong>La mujer interfiri\u00f3 para que me deje de golpear<\/strong>\u201d, dijo y agreg\u00f3 que\u00a0<strong>la misma polic\u00eda lo golpe\u00f3 a \u00e9l para que la dejara tranquila. \u201c\u00c9l se fue a otro oficina de la comisar\u00eda y me qued\u00e9 con la mujer<\/strong>\u00a0de \u00e9l y el otro polic\u00eda. Se me cerr\u00f3 el pecho, ella me dec\u00eda que me calme, y llamaron a la doctora para que me revisara\u201d, a\u00f1adi\u00f3.<\/p>\n<p><strong>La m\u00e9dica la revis\u00f3 y la joven le cont\u00f3 todo: \u201cLe mostr\u00e9 los moretones y me dijo que ten\u00eda una marquita en el brazo, nada m\u00e1s\u201d.<\/strong>\u00a0Luego, relat\u00f3 que el oficial agresor quer\u00eda meterla en un calabozo, por violar el aislamiento obligatorio y resistirse a la autoridad. \u201c<strong>Me dejaron dos horas en la comisar\u00eda y luego pude salir,<\/strong>\u00a0pero firmando un papel donde dec\u00eda que hab\u00eda incumplido la cuarentena\u201d, aclar\u00f3 Jennifer Echenique.<\/p>\n<p>Finalmente,<strong>\u00a0el lunes viaj\u00f3 hasta General Pico a radicar la denuncia por abuso policial en la Fiscal\u00eda<\/strong>. \u201cSolo quiero que me deje tranquila y termine con los maltratos\u201d, dijo la joven.<\/p>\n<div class=\"oasis-despues-del-contenido\" id=\"oasis-2119341479\"><img loading=\"lazy\" decoding=\"async\" src=\"https:\/\/oasisfm935.com.ar\/site\/wp-content\/uploads\/2020\/08\/47806202-8741-49f2-a5c9-d2f930e5baa1.jpg\" alt=\"\"  srcset=\"https:\/\/oasisfm935.com.ar\/site\/wp-content\/uploads\/2020\/08\/47806202-8741-49f2-a5c9-d2f930e5baa1.jpg 1080w, https:\/\/oasisfm935.com.ar\/site\/wp-content\/uploads\/2020\/08\/47806202-8741-49f2-a5c9-d2f930e5baa1-300x300.jpg 300w, https:\/\/oasisfm935.com.ar\/site\/wp-content\/uploads\/2020\/08\/47806202-8741-49f2-a5c9-d2f930e5baa1-1024x1024.jpg 1024w, https:\/\/oasisfm935.com.ar\/site\/wp-content\/uploads\/2020\/08\/47806202-8741-49f2-a5c9-d2f930e5baa1-150x150.jpg 150w, https:\/\/oasisfm935.com.ar\/site\/wp-content\/uploads\/2020\/08\/47806202-8741-49f2-a5c9-d2f930e5baa1-768x768.jpg 768w\" sizes=\"(max-width: 1080px) 100vw, 1080px\" class=\"no-lazyload\" width=\"1080\" height=\"1080\"  style=\"display: inline-block;\" \/><\/div>","protected":false},"excerpt":{"rendered":"<p>Jennifer Echenique tiene 19 a\u00f1os y se anim\u00f3 a hacer una denuncia p\u00fablica y en Fiscal\u00eda al ser maltratada por un oficial<\/p>\n","protected":false},"author":4,"featured_media":4674,"comment_status":"closed","ping_status":"open","sticky":false,"template":"","format":"standard","meta":{"colormag_page_layout":"default_layout","footnotes":""},"categories":[2],"tags":[],"class_list":["post-4673","post","type-post","status-publish","format-standard","has-post-thumbnail","hentry","category-noticias"],"_links":{"self":[{"href":"https:\/\/oasisfm935.com.ar\/site\/wp-json\/wp\/v2\/posts\/4673","targetHints":{"allow":["GET"]}}],"collection":[{"href":"https:\/\/oasisfm935.com.ar\/site\/wp-json\/wp\/v2\/posts"}],"about":[{"href":"https:\/\/oasisfm935.com.ar\/site\/wp-json\/wp\/v2\/types\/post"}],"author":[{"embeddable":true,"href":"https:\/\/oasisfm935.com.ar\/site\/wp-json\/wp\/v2\/users\/4"}],"replies":[{"embeddable":true,"href":"https:\/\/oasisfm935.com.ar\/site\/wp-json\/wp\/v2\/comments?post=4673"}],"version-history":[{"count":4,"href":"https:\/\/oasisfm935.com.ar\/site\/wp-json\/wp\/v2\/posts\/4673\/revisions"}],"predecessor-version":[{"id":4678,"href":"https:\/\/oasisfm935.com.ar\/site\/wp-json\/wp\/v2\/posts\/4673\/revisions\/4678"}],"wp:featuredmedia":[{"embeddable":true,"href":"https:\/\/oasisfm935.com.ar\/site\/wp-json\/wp\/v2\/media\/4674"}],"wp:attachment":[{"href":"https:\/\/oasisfm935.com.ar\/site\/wp-json\/wp\/v2\/media?parent=4673"}],"wp:term":[{"taxonomy":"category","embeddable":true,"href":"https:\/\/oasisfm935.com.ar\/site\/wp-json\/wp\/v2\/categories?post=4673"},{"taxonomy":"post_tag","embeddable":true,"href":"https:\/\/oasisfm935.com.ar\/site\/wp-json\/wp\/v2\/tags?post=4673"}],"curies":[{"name":"wp","href":"https:\/\/api.w.org\/{rel}","templated":true}]}}